{"id":300434,"date":"2025-07-28T12:31:12","date_gmt":"2025-07-28T12:31:12","guid":{"rendered":"https:\/\/www.europesays.com\/de\/300434\/"},"modified":"2025-07-28T12:31:12","modified_gmt":"2025-07-28T12:31:12","slug":"torhueterin-ann-katrin-berger-nimmt-sydney-lohmann-in-schutz","status":"publish","type":"post","link":"https:\/\/www.europesays.com\/de\/300434\/","title":{"rendered":"Torh\u00fcterin Ann-Katrin Berger nimmt Sydney Lohmann in Schutz"},"content":{"rendered":"<p>Nach heftiger Kritik <\/p>\n<p>DFB-Star nimmt Mitspielerin in Schutz<\/p>\n<p>28.07.2025 &#8211; 13:14 UhrLesedauer: 1 Min.<\/p>\n<p><a href=\"#focus-0\" class=\"transition-colors duration-200 focus-within:text-magenta block text-current relative\" data-sctrack=\"FocusGalleryImage.Reference\"><img fetchpriority=\"high\" data-testid=\"Opener.Image\" style=\"--lqipURL:url('https:\/\/images.t-online.de\/2025\/07\/2EoEyflku-Bq\/0x0:4000x2250\/fit-in\/150x0\/filters:blur(25)\/fussball-uefa-women-s-euro-2025-20250723-deutschland-spanien-im-bild-sydney-lohmann-deutschland-8-niedergeschlagen-erschuettert-enttaeuscht-vor-fans-zuerich-stadion-letzigrund-zuerich-schweiz-soccer-uefa-women-s-euro-2025-20250723-germany-spain-pictured-sydney-lohmann-germany-8-dejected-shaken-disappointed-in-front-of-fans-zurich-stadium-letzigrund-zurich-switzerland-copyright-passion2press-markusxfischerx.jpg')\"   loading=\"eager\" src=\"https:\/\/www.europesays.com\/de\/wp-content\/uploads\/2025\/07\/fussball-uefa-women-s-euro-2025-20250723-deutschland-spanien-im-bild-sydney-lohmann-deutschland-8-ni.jpeg\" alt=\"imago images 1064413770\" title=\"imago images 1064413770\" width=\"4000\" height=\"2250\" class=\"bg-[url:var(--lqipURL)] bg-cover bg-center flex h-full w-full max-w-full\" decoding=\"async\"\/><img style=\"--width:32;--height:32\" loading=\"lazy\" src=\"https:\/\/www.t-online.de\/s\/paper\/_next\/static\/media\/zoom-in.f7dae02f.svg\" alt=\"Vergr\u00f6\u00dfern des Bildes\" title=\"Vergr\u00f6\u00dfern des Bildes\" class=\"block h-[calc(var(--height)_\/_16_*_1rem)] w-[calc(var(--width)_\/_16_*_1rem)] max-w-none absolute bottom-8 right-8 rounded-4 bg-snow p-8\" decoding=\"async\"\/><\/a><\/p>\n<p>Sydney Lohmann: Sie ist in diesem Sommer von Bayern zu Manchester City gewechselt. (Quelle: IMAGO\/Markus Fischer\/imago)<\/p>\n<p class=\"font-bold text-18 leading-17\">Das deutsche EM-Aus war f\u00fcr die Spielerinnen entt\u00e4uschend \u2013 und sorgt Tage danach noch f\u00fcr Aufregung. Eine Spielerin wurde hart angegangen.<\/p>\n<p class=\"text-18 leading-17\">Das deutsche Halbfinal-Aus bei der EM gegen Spanien ist schon ein paar Tage her. Und doch hallt es noch immer nach \u2013 allerdings weniger sportlich, sondern wegen undifferenzierter Kommentare im Netz.<\/p>\n<p class=\"text-18 leading-17\">Denn vor dem entscheidenden Gegentor in der 113. Minute hatte Sydney Lohmann mit einem Fehlpass daf\u00fcr gesorgt, dass Spanien \u00fcberhaupt vor das Tor der deutschen Nummer eins, Ann-Katrin Berger, kommen konnte. Berger sah bei dem Treffer nicht gut aus, nahm die Schuld sp\u00e4ter auch auf sich. In der <a class=\"transition-colors duration-200 cursor-pointer text-inherit no-underline text-salemsfur md:hover:text-magenta md:hover:border-magenta md:focus:text-magenta border-current border-b border-solid break-words\" href=\"https:\/\/www.t-online.de\/themen\/ard\/\" data-sctrack=\"BodyAnchor\" target=\"_blank\" rel=\"noopener\">ARD<\/a> hatte sie gesagt: &#8222;Es tut mir unfassbar leid, nicht f\u00fcr mich, sondern f\u00fcr die Mannschaft. Weil die hat wirklich alles gegeben.&#8220;<\/p>\n<p class=\"text-18 leading-17\">Allerdings bekam Lohmann f\u00fcr ihren Patzer trotzdem einiges an Kritik im Netz ab. Von &#8222;dumm&#8220; \u00fcber &#8222;ganz schrecklich&#8220; war da alles dabei. Nun hat sich ihre Mitspielerin Berger vor sie gestellt. Bei Instagram teilte sie einen kommentierenden Beitrag mit dem Hinweis: &#8222;Das ist unn\u00f6tig!&#8220;<\/p>\n<p class=\"text-18 leading-17\">Auch Bundestrainer <a class=\"transition-colors duration-200 cursor-pointer text-inherit no-underline text-salemsfur md:hover:text-magenta md:hover:border-magenta md:focus:text-magenta border-current border-b border-solid break-words\" href=\"https:\/\/www.t-online.de\/themen\/christian-wueck\/\" data-sctrack=\"BodyAnchor\" target=\"_blank\" rel=\"noopener\">Christian W\u00fcck<\/a> hatte nach dem Aus deutliche Worte gefunden. Im TV sagte er an die Kritiker im Land gewandt: &#8222;Wir gewinnen gemeinsam und wir verlieren gemeinsam. Da m\u00fcssen die Deutschen vielleicht auch mal ein bisschen lernen, dass wir alles gemeinsam machen. Dass wir f\u00fcr die deutsche Nation das Beste wollen. Und dass wir, f\u00fcr die Unterst\u00fctzung, die wir hier bekommen haben \u2013 und die war sensationell \u2013 sehr, sehr dankbar sind.&#8220;<\/p>\n","protected":false},"excerpt":{"rendered":"Nach heftiger Kritik DFB-Star nimmt Mitspielerin in Schutz 28.07.2025 &#8211; 13:14 UhrLesedauer: 1 Min. Sydney Lohmann: Sie ist&hellip;\n","protected":false},"author":2,"featured_media":300435,"comment_status":"","ping_status":"","sticky":false,"template":"","format":"standard","meta":{"footnotes":""},"categories":[136],"tags":[522,454,83029,29,481,30,152,1409,4026,265,87387],"class_list":{"0":"post-300434","1":"post","2":"type-post","3":"status-publish","4":"format-standard","5":"has-post-thumbnail","7":"category-sport","8":"tag-522","9":"tag-454","10":"tag-ann-katrin-berger","11":"tag-deutschland","12":"tag-dfb","13":"tag-germany","14":"tag-instagram","15":"tag-manchester-city","16":"tag-spanien","17":"tag-sport","18":"tag-sydney-lohmann"},"share_on_mastodon":{"url":"https:\/\/pubeurope.com\/@de\/114930875585666272","error":""},"_links":{"self":[{"href":"https:\/\/www.europesays.com\/de\/wp-json\/wp\/v2\/posts\/300434","targetHints":{"allow":["GET"]}}],"collection":[{"href":"https:\/\/www.europesays.com\/de\/wp-json\/wp\/v2\/posts"}],"about":[{"href":"https:\/\/www.europesays.com\/de\/wp-json\/wp\/v2\/types\/post"}],"author":[{"embeddable":true,"href":"https:\/\/www.europesays.com\/de\/wp-json\/wp\/v2\/users\/2"}],"replies":[{"embeddable":true,"href":"https:\/\/www.europesays.com\/de\/wp-json\/wp\/v2\/comments?post=300434"}],"version-history":[{"count":0,"href":"https:\/\/www.europesays.com\/de\/wp-json\/wp\/v2\/posts\/300434\/revisions"}],"wp:featuredmedia":[{"embeddable":true,"href":"https:\/\/www.europesays.com\/de\/wp-json\/wp\/v2\/media\/300435"}],"wp:attachment":[{"href":"https:\/\/www.europesays.com\/de\/wp-json\/wp\/v2\/media?parent=300434"}],"wp:term":[{"taxonomy":"category","embeddable":true,"href":"https:\/\/www.europesays.com\/de\/wp-json\/wp\/v2\/categories?post=300434"},{"taxonomy":"post_tag","embeddable":true,"href":"https:\/\/www.europesays.com\/de\/wp-json\/wp\/v2\/tags?post=300434"}],"curies":[{"name":"wp","href":"https:\/\/api.w.org\/{rel}","templated":true}]}}