{"id":300444,"date":"2025-07-28T12:36:18","date_gmt":"2025-07-28T12:36:18","guid":{"rendered":"https:\/\/www.europesays.com\/de\/300444\/"},"modified":"2025-07-28T12:36:18","modified_gmt":"2025-07-28T12:36:18","slug":"erdrutsch-nach-starkregen-war-wohl-ursache-fuer-toedliches-zugunglueck-in-baden-wuerttemberg","status":"publish","type":"post","link":"https:\/\/www.europesays.com\/de\/300444\/","title":{"rendered":"Erdrutsch nach Starkregen war wohl Ursache f\u00fcr t\u00f6dliches Zugungl\u00fcck in Baden-W\u00fcrttemberg"},"content":{"rendered":"<p class=\"tspBWlv tspBWlw\">Bei einer t\u00f6dlichen Zugentgleisung im S\u00fcdosten Baden-W\u00fcrttembergs <strong>starben drei Menschen und mindestens 41 wurden verletzt.<\/strong> Nach ersten Ermittlungen der Polizei wurde das Ungl\u00fcck wahrscheinlich von einem <strong>durch extremen Starkregen ausgel\u00f6sten Erdrutsch<\/strong> verursacht.<\/p>\n<p class=\"tspBWlv\">Hinweise auf Fremdeinwirkung gibt es derzeit keine. Die Untersuchungen dauern noch an. Am Vormittag haben Ermittler den Fahrdatenschreiber aus dem Zug geborgen. Dieser m\u00fcsse nun ausgewertet werden, sagte Ulms Polizeipr\u00e4sident Josef Veser vor Ort.\u00a0<\/p>\n<p> Was ist bislang \u00fcber die Todesopfer bekannt? <\/p>\n<p class=\"tspBWlv\">Bei dem Ungl\u00fcck starben nach Polizeiangaben der <strong>Lokf\u00fchrer (32) und ein Auszubildender (36) der Zuggesellschaft.<\/strong> Die dritte get\u00f6tete Person (70) sei mit dem Zug gereist. Dar\u00fcber hinaus wurden mindestens 41 Menschen verletzt, darunter sind auch Schwerverletzte, wie es hie\u00df. Die Rettungskr\u00e4fte brachten die Verletzten in umliegende Kliniken. <\/p>\n<p><img decoding=\"async\" src=\"https:\/\/www.europesays.com\/de\/wp-content\/uploads\/2025\/07\/1753686852_933_personenzug-entgleist-in-oberschwaben.jpeg\"   alt=\"\" aria-labelledby=\"caption-14093606\" width=\"440\" height=\"330\" loading=\"lazy\" class=\"tspAUhq\"\/> Rettungskr\u00e4fte suchen in dem entgleisten Zug nach Fahrg\u00e4sten. <\/p>\n<p class=\"tspAHgj\"> \u00a9 dpa\/Thomas Warnack <\/p>\n<p> Welchen Einfluss hatte das Wetter auf das Ungl\u00fcck? <\/p>\n<p class=\"tspBWlv\">Zum Zeitpunkt des Zugungl\u00fccks sind laut Deutschem Wetterdienst <strong>riesige Mengen Regen in\u00a0Riedlingen\u00a0vom Himmel geprasselt. <\/strong>In der Gegend habe \u201eextrem heftiger Starkregen\u201c geherrscht. Am fr\u00fchen Sonntagabend seien bis zu 50 Liter pro Quadratmeter innerhalb einer Stunde gefallen, sagte DWD-Sprecher Marco Pukert. \u201eDies ist die h\u00f6chste Stufe\u201c, ordnete einer seiner Kollegen ein.<\/p>\n<p class=\"tspBWlv\">Der DWD habe am genauen Ungl\u00fccksort keine Messstation. Die Auswertung erfolgte laut einem DWD-Sprecher r\u00fcckblickend anhand von Radardaten. Die n\u00e4chstgelegene Niederschlags-Messtation befinde sich in Altheim (Kreis Biberach), rund sechs Kilometer vom Ungl\u00fccksort entfernt. Dort seien 22 Liter pro Quadratmeter innerhalb von zwei Stunden gemessen worden. Daran sehe man, wie sich die Regenmassen trotz der relativ kurzen Entfernung entwickelt haben.\u00a0<\/p>\n<p class=\"tspBWlv\">Erste Ermittlungen der Polizei hatten ergeben, dass Starkregen zun\u00e4chst einen Abwasserschacht zum \u00dcberlaufen gebracht hatte. Einem Polizeisprecher zufolge l\u00f6ste das viele Wasser dann wohl einen Hangrutsch direkt an der Bahnstrecke aus. Matsch und Ger\u00f6ll seien dann auf die Gleise gerutscht, der Regionalexpress daraufhin dar\u00fcber gefahren und einige Meter sp\u00e4ter entgleist, sagte der Polizeisprecher. Der menschengemachte Klimawandel beg\u00fcnstigt Starkregenereignisse.<\/p>\n<p> Wie ist die Lage vor Ort? <\/p>\n<p class=\"tspBWlv\">Zahlreiche Rettungskr\u00e4fte waren am Sonntagabend und in der Nacht am Unfallort im Einsatz. Rettungshunde suchten in den Tr\u00fcmmern nach \u00dcberlebenden. <strong>Auf Videoaufnahmen vom Ort des Geschehens<\/strong> war zu sehen, wie Einsatzkr\u00e4fte von Feuerwehr und Rettungsdienst auf den entgleisten Waggons arbeiteten, um sich Zugang zu den Fahrg\u00e4sten zu verschaffen. Lautes Geschrei war zu h\u00f6ren. Am Montagmorgen gehen die Aufr\u00e4umarbeiten weiter.<\/p>\n<p class=\"tspBWlv\">Wie der <a href=\"https:\/\/www.spiegel.de\/panorama\/zugunglueck-in-oberschwaben-was-ein-augenzeuge-berichtet-a-bf5ce0ba-5d09-4815-811f-e50e1540ef49\" target=\"_blank\" rel=\"noopener\" class=\"link link--external\" data-gtm-class=\"article-text-link\" data-gtm-val=\"external\" aria-describedby=\"message-target-blank\">\u201eSpiegel\u201c<\/a> berichtet, sind etwa 200 Meter vor der Ungl\u00fccksstelle die Schienen unter dickem braunen Schlamm kaum noch sichtbar. An dieser Stelle k\u00f6nnte der Zug entgleist sein. Ein Teil des Regionalexpresses sei den meterhohen Hang hinaufgeschoben worden. Von einem Waggon, in dem Fahrr\u00e4der standen, sei die Seitenwand weggerissen. <\/p>\n<p><img decoding=\"async\" src=\"https:\/\/www.europesays.com\/de\/wp-content\/uploads\/2025\/07\/1753646230_194_personenzug-entgleist-in-oberschwaben.jpeg\"   alt=\"\" aria-labelledby=\"caption-14093417\" width=\"440\" height=\"330\" loading=\"lazy\" class=\"tspAUhq\"\/> Ein Waggon ist umgest\u00fcrzt. <\/p>\n<p class=\"tspAHgj\"> \u00a9 dpa\/Thomas Warnack <\/p>\n<p class=\"tspBWlv\">Die Waggons sind teils ineinander gerutscht, liegen in der B\u00f6schung. \u201eMan sieht auch in der Botanik drumherum, dass da sehr gro\u00dfe Kr\u00e4fte am Werk waren\u201c, sagt Kreisbrandmeisterin Charlotte Ziller. Die Ermittler gingen davon aus, dass der Regionalexpress mit ungef\u00e4hr Tempo 80 unterwegs war.<\/p>\n<p> Was berichten Augenzeugen? <\/p>\n<p class=\"tspBWlv\">Der 36-j\u00e4hrige Landwirt Johannes Figel sagte dem \u201eSpiegel\u201c, er habe gegen 18 Uhr einen lauten Knall aus Richtung der Gleise geh\u00f6rt. Er sei sofort mit seinem Schlepper zur Bahnstrecke gefahren und einer der ersten gewesen, der die ineinandergeschobenen und aufgerissenen Zugwaggons sah. \u201eEs war furchtbar\u201c, sagt Figel demnach. Mit seinem Traktor transportierte er zwei B\u00e4ume ab, die der Zug gerammt und entwurzelt hatte, um den Einsatzkr\u00e4ften einen leichteren Zugang zur Unfallstelle zu erm\u00f6glichen. <\/p>\n<p class=\"tspBWlv\">Anwohner Karl Figler sagte gegen\u00fcber <a href=\"https:\/\/www.bild.de\/news\/inland\/riedlingen-zugunglueck-fordert-drei-menschenleben-6886acc60e680a76f4e9779e\" target=\"_blank\" rel=\"noopener\" class=\"link link--external\" data-gtm-class=\"article-text-link\" data-gtm-val=\"external\" aria-describedby=\"message-target-blank\">\u201eBild\u201c<\/a>: \u201eEs war furchtbar, das mitansehen zu m\u00fcssen.\u201c Der 76-j\u00e4hrige Landwirt wohne demnach in Sichtweite zur Ungl\u00fccksstelle. \u201eZwei Menschen lagen tot neben dem Zug. Sie wurden in Decken weggetragen. Gleichzeitig wurden Schwerverletzte versorgt.\u201c<\/p>\n<p> Welcher Zug war betroffen und welche Strecke bedient er? <\/p>\n<p class=\"tspBWlv\">Es handelte sich um den <strong>Regionalexpress der Linie RE 55<\/strong>, der von Sigmaringen nach Ulm unterwegs war. Die Linie wird vom Tochterunternehmen DB Regio BW betrieben. Zwei Waggons des Zuges entgleisten bei dem Ungl\u00fcck. Laut einem Sprecher der Bundespolizei sa\u00dfen rund <strong>100 Menschen<\/strong> in dem Zug.<\/p>\n<p><img decoding=\"async\" src=\"https:\/\/www.europesays.com\/de\/wp-content\/uploads\/2025\/07\/1753646231_435_personenzug-entgleist-in-oberschwaben.jpeg\"   alt=\"\" aria-labelledby=\"caption-14093609\" width=\"440\" height=\"330\" loading=\"lazy\" class=\"tspAUhq\"\/> Der Personenzug ist im Kreis Biberach zwischen den Ortsteilen Zweifaltendorf und Zell entgleist. <\/p>\n<p class=\"tspAHgj\"> \u00a9 dpa\/Thomas Warnack <\/p>\n<p> Wann und wo genau ereignete sich das Ungl\u00fcck?  <\/p>\n<p class=\"tspBWlv\">Das Ungl\u00fcck geschah am Sonntagabend gegen <strong>18.10 Uhr<\/strong> in der N\u00e4he des Riedlinger Stadtteils <strong>Bechingen<\/strong>, etwa 45 Kilometer s\u00fcd\u00f6stlich von Ulm<\/p>\n<p> Welche Reaktionen gibt es bisher? <\/p>\n<p class=\"tspBWlv\">Am Montagvormittag machten sich <strong>Bahnchef Richard Lutz<\/strong>, Bundesverkehrsminister Patrick Schnieder (CDU) und Baden-W\u00fcrttembergs Ministerpr\u00e4sident Winfried Kretschmann (Gr\u00fcne) vor Ort ein Bild von der Lage. Sie sprachen den Angeh\u00f6rigen der Verstorbenen und Verletzten ihre Anteilnahme aus und dankten den Helfern und den Rettungskr\u00e4ften f\u00fcr ihren Einsatz. <\/p>\n<p class=\"tspBWlv\">Lutz rang w\u00e4hrend des kurzen Statements am Ungl\u00fccksort sichtlich um Fassung.\u00a0\u201eDie Bilder und Berichte, die wir alle gestern gesehen haben und vor allem die Eindr\u00fccke, die wir alle zusammen\u00a0heute Morgen hier gesammelt haben, gehen einem sehr nah und lassen einen betroffen und best\u00fcrzt zur\u00fcck\u201c, sagte er. <\/p>\n<p class=\"tspBWlv\">\u201eWir werden die Arbeiten, die noch anstehen, insbesondere was die Kl\u00e4rung von Unfallhergang und Unfallursache angeht, von unserer Seite aus, von der Bahnseite aus mit allen Kr\u00e4ften unterst\u00fctzen\u201c, so Lutz.<\/p>\n<p class=\"tspUez\">Empfohlener redaktioneller Inhalt<\/p>\n<p> An dieser Stelle finden Sie einen von unseren Redakteuren ausgew\u00e4hlten, externen Inhalt, der den Artikel f\u00fcr Sie mit zus\u00e4tzlichen Informationen anreichert. Sie k\u00f6nnen sich hier den externen Inhalt mit einem Klick anzeigen lassen oder wieder ausblenden. <\/p>\n<p> Externen Inhalt anzeigen <\/p>\n<p class=\"tspUe5\"> Ich bin damit einverstanden, dass mir der externe Inhalt angezeigt wird. Damit k\u00f6nnen personenbezogene Daten an Drittplattformen \u00fcbermittelt werden.  Mehr Informationen dazu erhalten Sie in den Datenschutz-Einstellungen. Diese finden Sie ganz unten auf unserer Seite im Footer, sodass Sie Ihre Einstellungen jederzeit verwalten oder widerrufen k\u00f6nnen. <\/p>\n<p class=\"tspBWlv\">Auch mehrere Politiker bekundeten ihre Anteilnahme. So schrieb<strong> Bundeskanzler Friedrich Merz (CDU) <\/strong>auf dem Portal X: \u201eWir trauern um die Opfer. Ihren Angeh\u00f6rigen spreche ich mein Mitgef\u00fchl aus.\u201c Mit dem Innenminister und dem Verkehrsminister stehe er im engen Kontakt und habe sie gebeten, die Rettungskr\u00e4fte mit allen Mitteln zu unterst\u00fctzen.<\/p>\n<p class=\"tspBWlv\">Regierungschef <strong>Kretschmann sprach von einer tragischen Nachricht.<\/strong> Er sei ersch\u00fcttert. \u201eMein tief empfundenes Beileid gilt den Angeh\u00f6rigen der Opfer.\u201c<\/p>\n<p> Wie geht es nun weiter? <\/p>\n<p class=\"tspBWlv\"><strong>Wie lange die Bahnstrecke noch gesperrt bleibt, war zun\u00e4chst unklar. <\/strong>Auf der Internetseite der Bahn informierte der Konzern, dass der Bahnverkehr zwischen Munderkingen und Herbertingen eingestellt sei. Am Montag sollten laut Bahn Ersatzbusse die Fahrg\u00e4ste in dem Bereich transportieren. <\/p>\n<p> Das k\u00f6nnte Sie auch interessieren <a href=\"https:\/\/www.tagesspiegel.de\/politik\/zwei-grune-aus-thuringen-uber-alltagliche-gewalt-gegen-kommunalpolitiker-14091110.html?icid=topic-list_14093399___\" data-gtm-class=\"article-mzt-link\" class=\"tspCOom\" target=\"_blank\" rel=\"noopener\">Von \u201eGr\u00fcne Sau\u201c bis \u201eEuch h\u00e4ngen wir auf\u201c Zwei Gr\u00fcne aus Th\u00fcringen \u00fcber allt\u00e4gliche Gewalt gegen Kommunalpolitiker <\/a><a href=\"https:\/\/www.tagesspiegel.de\/internationales\/israel-kundigt-humanitare-feuerpausen-an-wird-sich-die-lage-in-gaza-nun-bessern-14091809.html?icid=topic-list_14093399___\" data-gtm-class=\"article-mzt-link\" class=\"tspCOom\" target=\"_blank\" rel=\"noopener\">Israel k\u00fcndigt \u201ehumanit\u00e4re Feuerpausen\u201c an Wird sich die Lage in Gaza nun bessern? <\/a><a href=\"https:\/\/www.tagesspiegel.de\/politik\/zehn-manner-funf-frauen--und-zwei-fronten-diese-experten-sollen-die-schuldenbremse-der-zukunft-entwickeln-14091965.html?icid=topic-list_14093399___\" data-gtm-class=\"article-mzt-link\" class=\"tspCOom\" target=\"_blank\" rel=\"noopener\">Zehn M\u00e4nner, f\u00fcnf Frauen \u2013 und zwei Fronten Diese Experten sollen die Schuldenbremse der Zukunft entwickeln <\/a> Wohin k\u00f6nnen sich Angeh\u00f6rige wenden? <\/p>\n<p class=\"tspBWlv\">F\u00fcr Angeh\u00f6rige wurde eine Sammelstelle in einem B\u00fcrgerzentrum eingerichtet. Die DB hat f\u00fcr Betroffene und deren Angeh\u00f6rige eine kostenlose Sonder-Hotline unter 0800 3 111 111 eingerichtet. Au\u00dferdem st\u00fcnden Notfallseelsorger und Krisenpsychologen f\u00fcr betroffene Reisende und Mitarbeitende bereit. (Tsp, mit Agenturen)<\/p>\n","protected":false},"excerpt":{"rendered":"Bei einer t\u00f6dlichen Zugentgleisung im S\u00fcdosten Baden-W\u00fcrttembergs starben drei Menschen und mindestens 41 wurden verletzt. Nach ersten Ermittlungen&hellip;\n","protected":false},"author":2,"featured_media":299857,"comment_status":"","ping_status":"","sticky":false,"template":"","format":"standard","meta":{"footnotes":""},"categories":[2],"tags":[1634,29,30,13,14,15,12,10,8,9,11,15984],"class_list":{"0":"post-300444","1":"post","2":"type-post","3":"status-publish","4":"format-standard","5":"has-post-thumbnail","7":"category-deutschland","8":"tag-baden-wuerttemberg","9":"tag-deutschland","10":"tag-germany","11":"tag-headlines","12":"tag-nachrichten","13":"tag-news","14":"tag-schlagzeilen","15":"tag-top-news","16":"tag-top-meldungen","17":"tag-topmeldungen","18":"tag-topnews","19":"tag-zugunglueck"},"share_on_mastodon":{"url":"https:\/\/pubeurope.com\/@de\/114930895257878551","error":""},"_links":{"self":[{"href":"https:\/\/www.europesays.com\/de\/wp-json\/wp\/v2\/posts\/300444","targetHints":{"allow":["GET"]}}],"collection":[{"href":"https:\/\/www.europesays.com\/de\/wp-json\/wp\/v2\/posts"}],"about":[{"href":"https:\/\/www.europesays.com\/de\/wp-json\/wp\/v2\/types\/post"}],"author":[{"embeddable":true,"href":"https:\/\/www.europesays.com\/de\/wp-json\/wp\/v2\/users\/2"}],"replies":[{"embeddable":true,"href":"https:\/\/www.europesays.com\/de\/wp-json\/wp\/v2\/comments?post=300444"}],"version-history":[{"count":0,"href":"https:\/\/www.europesays.com\/de\/wp-json\/wp\/v2\/posts\/300444\/revisions"}],"wp:featuredmedia":[{"embeddable":true,"href":"https:\/\/www.europesays.com\/de\/wp-json\/wp\/v2\/media\/299857"}],"wp:attachment":[{"href":"https:\/\/www.europesays.com\/de\/wp-json\/wp\/v2\/media?parent=300444"}],"wp:term":[{"taxonomy":"category","embeddable":true,"href":"https:\/\/www.europesays.com\/de\/wp-json\/wp\/v2\/categories?post=300444"},{"taxonomy":"post_tag","embeddable":true,"href":"https:\/\/www.europesays.com\/de\/wp-json\/wp\/v2\/tags?post=300444"}],"curies":[{"name":"wp","href":"https:\/\/api.w.org\/{rel}","templated":true}]}}