{"id":300454,"date":"2025-07-28T12:42:16","date_gmt":"2025-07-28T12:42:16","guid":{"rendered":"https:\/\/www.europesays.com\/de\/300454\/"},"modified":"2025-07-28T12:42:16","modified_gmt":"2025-07-28T12:42:16","slug":"hsv-poreba-vor-leihe-in-2-liga-sv-elversberg-statt-eintracht-braunschweig","status":"publish","type":"post","link":"https:\/\/www.europesays.com\/de\/300454\/","title":{"rendered":"HSV: Poreba vor Leihe in 2. Liga \u2013 SV Elversberg statt Eintracht Braunschweig"},"content":{"rendered":"<p>Marktwert in Hamburg halbiert\u00a0<\/p>\n<p>                                    <img decoding=\"async\" src=\"https:\/\/www.europesays.com\/de\/wp-content\/uploads\/2025\/07\/lukasz-poreba-hamburger-sv-2024-1712408381-133590.jpg\" title=\"HSV: Poreba vor Leihe in 2. Liga \u2013 SV Elversberg statt Eintracht Braunschweig\" alt=\"HSV: Poreba vor Leihe in 2. Liga \u2013 SV Elversberg statt Eintracht Braunschweig\"\/><\/p>\n<p>\n                                       \u00a9IMAGO\n                                    <\/p>\n<p>Bei <a title=\"Hamburger SV\" href=\"https:\/\/www.transfermarkt.ch\/hamburger-sv\/startseite\/verein\/41\" target=\"_blank\" rel=\"nofollow noopener\">HSV<\/a>-Profi\u00a0<a title=\"Lukasz Poreba\" href=\"https:\/\/www.transfermarkt.ch\/lukasz-poreba\/profil\/spieler\/532169\" target=\"_blank\" rel=\"nofollow noopener\">Lukasz Poreba<\/a> (25) bahnt sich eine Leihe in die\u00a0<a title=\"2. Bundesliga\" href=\"https:\/\/www.transfermarkt.ch\/2-bundesliga\/startseite\/wettbewerb\/L2\" target=\"_blank\" rel=\"nofollow noopener\">2. Bundesliga<\/a> an. Die \u201e<a href=\"https:\/\/www.bild.de\/sport\/fussball\/hsv-abschied-steht-bevor-poreba-entscheidung-zwischen-diesen-klubs-6886204665361c668c6d2d1d\" target=\"_blank\" rel=\"nofollow noopener\">Bild<\/a>\u201c-Zeitung berichtet \u00fcber entsprechende Pl\u00e4ne, die Wahl soll zwischen der\u00a0<a title=\"SV 07 Elversberg\" href=\"https:\/\/www.transfermarkt.ch\/sv-07-elversberg\/startseite\/verein\/64\" target=\"_blank\" rel=\"nofollow noopener\">SV Elversberg<\/a> und <a title=\"Eintracht Braunschweig\" href=\"https:\/\/www.transfermarkt.ch\/eintracht-braunschweig\/startseite\/verein\/23\" target=\"_blank\" rel=\"nofollow noopener\">Eintracht Braunschweig<\/a>\u00a0fallen. Bereits Anfang dieser Woche k\u00f6nnte der Deal abgewickelt werden. Die Tendenz geht dem\u00a0polnischen Journalisten\u00a0Jerzy Chwa\u0142ek zufolge zur SVE.<\/p>\n<p><strong>Update 14:37 Uhr:<\/strong> \u00dcbereinstimmenden Medienberichten zufolge hat sich Poreba wie erwartet f\u00fcr Elversberg entschieden. Laut\u00a0\u201eBild\u201c-Informationen ist auch eine Kaufoption Teil des Deals, diese soll 1,5 Millionen Euro betragen.<\/p>\n<p>\n    <a class=\"bbcodesLink\" href=\"https:\/\/www.transfermarkt.ch\/lukasz-poreba-zu-sv-07-elversberg-\/thread\/forum\/154\/thread_id\/1086166\" rel=\"nofollow noopener\" target=\"_blank\"><\/p>\n<tr>\n<p>                        Ger\u00fccht<\/p>\n<\/tr>\n<tr class=\"contentzeile\">\n<td class=\"spielerbild\" rowspan=\"2\">\n                        <img decoding=\"async\" src=\"https:\/\/www.europesays.com\/de\/wp-content\/uploads\/2025\/07\/532169-1728394760.jpg\" title=\"Lukasz Poreba\" alt=\"Lukasz Poreba\" class=\"\"\/>                    <\/td>\n<td class=\"spielername\">\n                        <a title=\"Lukasz Poreba\" href=\"https:\/\/www.transfermarkt.ch\/lukasz-poreba\/profil\/spieler\/532169\" rel=\"nofollow noopener\" target=\"_blank\">L. Poreba<\/a>                    <\/td>\n<td class=\"vereinswappen\" rowspan=\"2\">\n                        <img decoding=\"async\" src=\"https:\/\/www.europesays.com\/de\/wp-content\/uploads\/2025\/04\/41.png\" title=\"Hamburger SV\" alt=\"Hamburger SV\" class=\"\"\/>                    <\/td>\n<td class=\"c2action\" rowspan=\"2\"><\/td>\n<\/tr>\n<tr class=\"contentzeile\">\n<td class=\"position\">\n                        Zentrales Mittelfeld                    <\/td>\n<\/tr>\n<tr class=\"contentZeileSpielerGK\">\n<td colspan=\"4\">\n<tr>\n<td class=\"vereinsname\">\n                                    Hamburger SV                                <\/td>\n<td class=\"vereinswappen\" rowspan=\"2\">\n                                    <img decoding=\"async\" src=\"https:\/\/www.europesays.com\/de\/wp-content\/uploads\/2025\/04\/41.png\" title=\"Hamburger SV\" alt=\"Hamburger SV\" class=\"\"\/>                                <\/td>\n<td class=\"wahrscheinlichkeit-auf\" rowspan=\"2\">\n<p>\u00a0<\/p>\n<p>                                        61                                        %\n                                                                        <\/td>\n<td class=\"vereinswappen\" rowspan=\"2\">\n                                    <img decoding=\"async\" src=\"https:\/\/www.europesays.com\/de\/wp-content\/uploads\/2025\/07\/64.png\" title=\"SV 07 Elversberg\" alt=\"SV 07 Elversberg\" class=\"\"\/>                                <\/td>\n<td class=\"vereinsname\">\n                                    SV Elversberg                                <\/td>\n<\/tr>\n<tr>\n<td>\n                                    Bundesliga                                <\/td>\n<td>\n                                    2. Bundesliga                                <\/td>\n<\/tr>\n<\/td>\n<\/tr>\n<p>    <\/a>\n<\/p>\n<p>Poreba war im Sommer 2023 zun\u00e4chst per Leihe vom RC Lens zum HSV gewechselt und im Jahr darauf f\u00fcr 750.000 Euro fest verpflichtet worden. F\u00fcr die Rothosen stand der Mittelfeldspieler in 37 Partien (drei Tore\/drei Vorlagen) auf dem Platz, davon 14-mal in der Startelf.<\/p>\n<p><\/p>\n<p>Porebas\u00a0Marktwert lag bei seiner Ankunft beim HSV bei 2 Millionen Euro, heute bei der H\u00e4lfte. Damit w\u00fcrde er sowohl in Elversberg als auch in Braunschweig zu den wertvolleren Spielern im Kader z\u00e4hlen. Sein HSV-Vertrag l\u00e4uft bis 2027.<\/p>\n<p><\/p>\n","protected":false},"excerpt":{"rendered":"Marktwert in Hamburg halbiert\u00a0 \u00a9IMAGO Bei HSV-Profi\u00a0Lukasz Poreba (25) bahnt sich eine Leihe in die\u00a02. Bundesliga an. Die&hellip;\n","protected":false},"author":2,"featured_media":300455,"comment_status":"","ping_status":"","sticky":false,"template":"","format":"standard","meta":{"footnotes":""},"categories":[1850],"tags":[621,6429,299,3364,29,8704,548,663,3934,30,3150,13,87394,14,15,1411,12,15837],"class_list":{"0":"post-300454","1":"post","2":"type-post","3":"status-publish","4":"format-standard","5":"has-post-thumbnail","7":"category-braunschweig","8":"tag-2-bundesliga","9":"tag-braunschweig","10":"tag-bundesliga","11":"tag-de","12":"tag-deutschland","13":"tag-eintracht-braunschweig","14":"tag-eu","15":"tag-europa","16":"tag-europe","17":"tag-germany","18":"tag-hamburger-sv","19":"tag-headlines","20":"tag-lukasz-poreba","21":"tag-nachrichten","22":"tag-news","23":"tag-niedersachsen","24":"tag-schlagzeilen","25":"tag-sv-07-elversberg"},"share_on_mastodon":{"url":"https:\/\/pubeurope.com\/@de\/114930918998429418","error":""},"_links":{"self":[{"href":"https:\/\/www.europesays.com\/de\/wp-json\/wp\/v2\/posts\/300454","targetHints":{"allow":["GET"]}}],"collection":[{"href":"https:\/\/www.europesays.com\/de\/wp-json\/wp\/v2\/posts"}],"about":[{"href":"https:\/\/www.europesays.com\/de\/wp-json\/wp\/v2\/types\/post"}],"author":[{"embeddable":true,"href":"https:\/\/www.europesays.com\/de\/wp-json\/wp\/v2\/users\/2"}],"replies":[{"embeddable":true,"href":"https:\/\/www.europesays.com\/de\/wp-json\/wp\/v2\/comments?post=300454"}],"version-history":[{"count":0,"href":"https:\/\/www.europesays.com\/de\/wp-json\/wp\/v2\/posts\/300454\/revisions"}],"wp:featuredmedia":[{"embeddable":true,"href":"https:\/\/www.europesays.com\/de\/wp-json\/wp\/v2\/media\/300455"}],"wp:attachment":[{"href":"https:\/\/www.europesays.com\/de\/wp-json\/wp\/v2\/media?parent=300454"}],"wp:term":[{"taxonomy":"category","embeddable":true,"href":"https:\/\/www.europesays.com\/de\/wp-json\/wp\/v2\/categories?post=300454"},{"taxonomy":"post_tag","embeddable":true,"href":"https:\/\/www.europesays.com\/de\/wp-json\/wp\/v2\/tags?post=300454"}],"curies":[{"name":"wp","href":"https:\/\/api.w.org\/{rel}","templated":true}]}}