{"id":300469,"date":"2025-07-28T12:50:12","date_gmt":"2025-07-28T12:50:12","guid":{"rendered":"https:\/\/www.europesays.com\/de\/300469\/"},"modified":"2025-07-28T12:50:12","modified_gmt":"2025-07-28T12:50:12","slug":"sportvereine-freuen-sich-ueber-andrang","status":"publish","type":"post","link":"https:\/\/www.europesays.com\/de\/300469\/","title":{"rendered":"Sportvereine freuen sich \u00fcber Andrang"},"content":{"rendered":"<p>Rein rechnerisch haben M\u00fcnsters Sportvereine im Jahr 2024 t\u00e4glich fast 21 neue Mitglieder verzeichnet, genau 7.592 sportliche M\u00fcnsteraner:innen schlossen sich 2024 einem Verein an. \u201eDas bedeutet ein sattes Plus von etwa 7,5 Prozent\u201c, freut sich J\u00f6rg Verhoeven, Vorsitzender des Stadtsportbundes M\u00fcnster (SSB) \u00fcber den erneut deutlichen Zulauf. Denn schon 2023 gab es 3.837 neue Mitglieder. Damit setzte sich der positive Trend aus dem Vorjahr bei allen Sportvereinen in M\u00fcnster fort, und das auch \u00fcber die Generationen hinweg: Die Anzahl der jugendlichen Mitglieder bis 18 Jahre stieg in 2024 um 2032 (auf 31.829) kr\u00e4ftig an.<\/p>\n<p>Sportvereine sollen attraktiv bleiben<\/p>\n<p>\u201eUnsere Sportvereine erf\u00fcllen mit ihren Angeboten die W\u00fcnsche der M\u00fcnsteraner nach Sport und Bewegung in Gesellschaft, sie leisten hervorragende Arbeit\u201c, erkl\u00e4rt Verhoeven. Die Voraussetzung f\u00fcr eine Fortsetzung des Trends d\u00fcrften sich in Zukunft noch verbessern. Denn mit einem integrierten Sportentwicklungsplan f\u00fcr die Stadt wollen Sportpolitik, Verwaltung und der SSB die Perspektiven f\u00fcr den Sport in M\u00fcnster langfristig sichern und verbessern.<\/p>\n<p>Die Kehrseite der Medaille<\/p>\n<p>Der gro\u00dfe Andrang der vergangenen Jahren stellt die Vereine auch vor gro\u00dfe Herausforderungen. \u201eNicht \u00fcberall stehen ausreichend Hallenkapazit\u00e4ten und Au\u00dfensportanlagen zur Verf\u00fcgung\u201c, benennt Verhoeven eines der Probleme. Oftmals ist es zudem schwer, \u00dcbungsleitende zu finden. Noch finden die Vereine jedoch L\u00f6sungen, um attraktiv zu sein und weiter neue Mitglieder zu gewinnen, erkl\u00e4rt der SSB-Vorsitzende.<\/p>\n","protected":false},"excerpt":{"rendered":"Rein rechnerisch haben M\u00fcnsters Sportvereine im Jahr 2024 t\u00e4glich fast 21 neue Mitglieder verzeichnet, genau 7.592 sportliche M\u00fcnsteraner:innen&hellip;\n","protected":false},"author":2,"featured_media":300470,"comment_status":"","ping_status":"","sticky":false,"template":"","format":"standard","meta":{"footnotes":""},"categories":[1843],"tags":[5677,3364,29,30,5929,8970,1209,265,19651,32085],"class_list":{"0":"post-300469","1":"post","2":"type-post","3":"status-publish","4":"format-standard","5":"has-post-thumbnail","7":"category-muenster","8":"tag-munster","9":"tag-de","10":"tag-deutschland","11":"tag-germany","12":"tag-mitglieder","13":"tag-muenster","14":"tag-nordrhein-westfalen","15":"tag-sport","16":"tag-sportvereine","17":"tag-stadtsportbund"},"share_on_mastodon":{"url":"https:\/\/pubeurope.com\/@de\/114930950364821315","error":""},"_links":{"self":[{"href":"https:\/\/www.europesays.com\/de\/wp-json\/wp\/v2\/posts\/300469","targetHints":{"allow":["GET"]}}],"collection":[{"href":"https:\/\/www.europesays.com\/de\/wp-json\/wp\/v2\/posts"}],"about":[{"href":"https:\/\/www.europesays.com\/de\/wp-json\/wp\/v2\/types\/post"}],"author":[{"embeddable":true,"href":"https:\/\/www.europesays.com\/de\/wp-json\/wp\/v2\/users\/2"}],"replies":[{"embeddable":true,"href":"https:\/\/www.europesays.com\/de\/wp-json\/wp\/v2\/comments?post=300469"}],"version-history":[{"count":0,"href":"https:\/\/www.europesays.com\/de\/wp-json\/wp\/v2\/posts\/300469\/revisions"}],"wp:featuredmedia":[{"embeddable":true,"href":"https:\/\/www.europesays.com\/de\/wp-json\/wp\/v2\/media\/300470"}],"wp:attachment":[{"href":"https:\/\/www.europesays.com\/de\/wp-json\/wp\/v2\/media?parent=300469"}],"wp:term":[{"taxonomy":"category","embeddable":true,"href":"https:\/\/www.europesays.com\/de\/wp-json\/wp\/v2\/categories?post=300469"},{"taxonomy":"post_tag","embeddable":true,"href":"https:\/\/www.europesays.com\/de\/wp-json\/wp\/v2\/tags?post=300469"}],"curies":[{"name":"wp","href":"https:\/\/api.w.org\/{rel}","templated":true}]}}