{"id":300518,"date":"2025-07-28T13:17:13","date_gmt":"2025-07-28T13:17:13","guid":{"rendered":"https:\/\/www.europesays.com\/de\/300518\/"},"modified":"2025-07-28T13:17:13","modified_gmt":"2025-07-28T13:17:13","slug":"18-jaehriger-greift-ordnungsamtsmitarbeiter-an-polizei-ermittelt","status":"publish","type":"post","link":"https:\/\/www.europesays.com\/de\/300518\/","title":{"rendered":"18-J\u00e4hriger greift Ordnungsamtsmitarbeiter an \u2013 Polizei ermittelt"},"content":{"rendered":"<p>Polizei ermittelt <\/p>\n<p>18-J\u00e4hriger greift Mitarbeiter des Ordnungsamtes an<\/p>\n<p>28.07.2025 &#8211; 14:21 UhrLesedauer: 1 Min.<\/p>\n<p><a href=\"#focus-0\" class=\"transition-colors duration-200 focus-within:text-magenta block text-current relative\" data-sctrack=\"FocusGalleryImage.Reference\"><img fetchpriority=\"high\" data-testid=\"Opener.Image\" style=\"--lqipURL:url('https:\/\/images.t-online.de\/2025\/07\/w6YNTGGLRRGy\/0x168:4000x2250\/fit-in\/150x0\/filters:blur(25)\/kontrolle-alkoholverbot-mit-dem-ordnungsamt-am-amalie-dietrich-platz-in-gorbitz-alcohol-ban-check-with-the-public-order-office-at-amalie-dietrich-platz-in-gorbitz.jpg')\"   loading=\"eager\" src=\"https:\/\/www.europesays.com\/de\/wp-content\/uploads\/2025\/07\/kontrolle-alkoholverbot-mit-dem-ordnungsamt-am-amalie-dietrich-platz-in-gorbitz-alcohol-ban-check-wi.jpeg\" alt=\"imago 92736785\" title=\"imago 92736785\" width=\"4000\" height=\"2250\" class=\"bg-[url:var(--lqipURL)] bg-cover bg-center flex h-full w-full max-w-full\" decoding=\"async\"\/><img style=\"--width:32;--height:32\" loading=\"lazy\" src=\"https:\/\/www.t-online.de\/s\/paper\/_next\/static\/media\/zoom-in.f7dae02f.svg\" alt=\"Vergr\u00f6\u00dfern des Bildes\" title=\"Vergr\u00f6\u00dfern des Bildes\" class=\"block h-[calc(var(--height)_\/_16_*_1rem)] w-[calc(var(--width)_\/_16_*_1rem)] max-w-none absolute bottom-8 right-8 rounded-4 bg-snow p-8\" decoding=\"async\"\/><\/a><\/p>\n<p>Ein Fahrzeug des Ordnungsamtes (Archivbild): Der 18-J\u00e4hrige kam nach dem Angriff in Polizeigewahrsam. (Quelle: via www.imago-images.de\/imago)<\/p>\n<p class=\"font-bold text-18 leading-17\">In der Nacht zu Sonntag eskaliert eine Situation auf der Alaunstra\u00dfe. Ein junger Mann hatte es auf Mitarbeiter des Ordnungsamtes abgesehen. <\/p>\n<p class=\"text-18 leading-17\">Ein 18-j\u00e4hriger Mann soll in <a class=\"transition-colors duration-200 cursor-pointer text-inherit no-underline text-salemsfur md:hover:text-magenta md:hover:border-magenta md:focus:text-magenta border-current border-b border-solid break-words\" href=\"https:\/\/www.t-online.de\/region\/dresden\/\" data-sctrack=\"BodyAnchor\" target=\"_blank\" rel=\"noopener\">Dresden<\/a> Mitarbeiter des Ordnungsamtes angegriffen haben. Wie die Polizei mitteilte, ereignete sich der Vorfall am in der Nacht auf Sonntag gegen 2.40 Uhr in der \u00c4u\u00dferen Neustadt.<\/p>\n<p class=\"text-18 leading-17\">Der junge Mann habe zun\u00e4chst gegen ein Einsatzfahrzeug des Gemeindlichen Vollzugsdienstes in der Alaunstra\u00dfe getreten. Anschlie\u00dfend soll er zwei Mitarbeiter des Ordnungsamtes beleidigt und nach ihnen getreten haben. Bei dem Angriff wurde laut Polizei niemand verletzt.<\/p>\n<p class=\"text-18 leading-17\">Polizeibeamte brachten den 18-J\u00e4hrigen ins Polizeigewahrsam, wo er den Rest der Nacht verbrachte. Die Polizei ermittelt nun gegen den wegen t\u00e4tlichen Angriffs auf Vollstreckungsbeamte und weiterer Delikte.<\/p>\n","protected":false},"excerpt":{"rendered":"Polizei ermittelt 18-J\u00e4hriger greift Mitarbeiter des Ordnungsamtes an 28.07.2025 &#8211; 14:21 UhrLesedauer: 1 Min. Ein Fahrzeug des Ordnungsamtes&hellip;\n","protected":false},"author":2,"featured_media":300519,"comment_status":"","ping_status":"","sticky":false,"template":"","format":"standard","meta":{"footnotes":""},"categories":[1835],"tags":[6027,722,17161,3364,29,2386,30,121,16955,859],"class_list":{"0":"post-300518","1":"post","2":"type-post","3":"status-publish","4":"format-standard","5":"has-post-thumbnail","7":"category-dresden","8":"tag-ordnungsamt","9":"tag-722","10":"tag-17161","11":"tag-de","12":"tag-deutschland","13":"tag-dresden","14":"tag-germany","15":"tag-polizei","16":"tag-polizeigewahrsam","17":"tag-sachsen"},"share_on_mastodon":{"url":"https:\/\/pubeurope.com\/@de\/114931056532753110","error":""},"_links":{"self":[{"href":"https:\/\/www.europesays.com\/de\/wp-json\/wp\/v2\/posts\/300518","targetHints":{"allow":["GET"]}}],"collection":[{"href":"https:\/\/www.europesays.com\/de\/wp-json\/wp\/v2\/posts"}],"about":[{"href":"https:\/\/www.europesays.com\/de\/wp-json\/wp\/v2\/types\/post"}],"author":[{"embeddable":true,"href":"https:\/\/www.europesays.com\/de\/wp-json\/wp\/v2\/users\/2"}],"replies":[{"embeddable":true,"href":"https:\/\/www.europesays.com\/de\/wp-json\/wp\/v2\/comments?post=300518"}],"version-history":[{"count":0,"href":"https:\/\/www.europesays.com\/de\/wp-json\/wp\/v2\/posts\/300518\/revisions"}],"wp:featuredmedia":[{"embeddable":true,"href":"https:\/\/www.europesays.com\/de\/wp-json\/wp\/v2\/media\/300519"}],"wp:attachment":[{"href":"https:\/\/www.europesays.com\/de\/wp-json\/wp\/v2\/media?parent=300518"}],"wp:term":[{"taxonomy":"category","embeddable":true,"href":"https:\/\/www.europesays.com\/de\/wp-json\/wp\/v2\/categories?post=300518"},{"taxonomy":"post_tag","embeddable":true,"href":"https:\/\/www.europesays.com\/de\/wp-json\/wp\/v2\/tags?post=300518"}],"curies":[{"name":"wp","href":"https:\/\/api.w.org\/{rel}","templated":true}]}}