{"id":300530,"date":"2025-07-28T13:23:10","date_gmt":"2025-07-28T13:23:10","guid":{"rendered":"https:\/\/www.europesays.com\/de\/300530\/"},"modified":"2025-07-28T13:23:10","modified_gmt":"2025-07-28T13:23:10","slug":"giovanni-reyna-tritt-krankheitsbedingt-kuerzer","status":"publish","type":"post","link":"https:\/\/www.europesays.com\/de\/300530\/","title":{"rendered":"Giovanni Reyna tritt krankheitsbedingt k\u00fcrzer"},"content":{"rendered":"<p>\n                                        Giovanni Reyna musste beim Trainingsstart von Borussia Dortmund nach der Klub-WM noch etwas k\u00fcrzertreten. Erk\u00e4ltungsbedingt legte der 22-j\u00e4hrige US-Amerikaner an diesem Montag nur eine kurze individuelle Einheit auf dem Platz ein.<\/p>\n<p>\n<br \/>Ob der Offensivmann noch viele Einheiten mit den BVB-Spielern absolvieren wird, bleibt ungewiss: M\u00fcndlich ist sich Reyna bereits seit \u00fcber einer Woche mit dem Serie-A-Aufsteiger Parma Calcio 1913 \u00fcber einen Wechsel einig.                                <\/p>\n<p><\/p>\n<p>LIGAINSIDER-DURCHSCHNITTSNOTE in den letzten VIER Jahren<\/p>\n","protected":false},"excerpt":{"rendered":"Giovanni Reyna musste beim Trainingsstart von Borussia Dortmund nach der Klub-WM noch etwas k\u00fcrzertreten. Erk\u00e4ltungsbedingt legte der 22-j\u00e4hrige&hellip;\n","protected":false},"author":2,"featured_media":300531,"comment_status":"","ping_status":"","sticky":false,"template":"","format":"standard","meta":{"footnotes":""},"categories":[1833],"tags":[4808,31078,2217,888,3364,29,217,347,30,87405,15,1209,14870,5422,265,924,1288,2627,5421],"class_list":{"0":"post-300530","1":"post","2":"type-post","3":"status-publish","4":"format-standard","5":"has-post-thumbnail","7":"category-dortmund","8":"tag-1-bundesliga","9":"tag-2025-26","10":"tag-bilanz","11":"tag-borussia-dortmund","12":"tag-de","13":"tag-deutschland","14":"tag-dortmund","15":"tag-fussball","16":"tag-germany","17":"tag-giovanni-reyna","18":"tag-news","19":"tag-nordrhein-westfalen","20":"tag-offensives-mittelfeld","21":"tag-quote","22":"tag-sport","23":"tag-statistik","24":"tag-transfers","25":"tag-verletzungen","26":"tag-wechsel"},"share_on_mastodon":{"url":"https:\/\/pubeurope.com\/@de\/114931080066778124","error":""},"_links":{"self":[{"href":"https:\/\/www.europesays.com\/de\/wp-json\/wp\/v2\/posts\/300530","targetHints":{"allow":["GET"]}}],"collection":[{"href":"https:\/\/www.europesays.com\/de\/wp-json\/wp\/v2\/posts"}],"about":[{"href":"https:\/\/www.europesays.com\/de\/wp-json\/wp\/v2\/types\/post"}],"author":[{"embeddable":true,"href":"https:\/\/www.europesays.com\/de\/wp-json\/wp\/v2\/users\/2"}],"replies":[{"embeddable":true,"href":"https:\/\/www.europesays.com\/de\/wp-json\/wp\/v2\/comments?post=300530"}],"version-history":[{"count":0,"href":"https:\/\/www.europesays.com\/de\/wp-json\/wp\/v2\/posts\/300530\/revisions"}],"wp:featuredmedia":[{"embeddable":true,"href":"https:\/\/www.europesays.com\/de\/wp-json\/wp\/v2\/media\/300531"}],"wp:attachment":[{"href":"https:\/\/www.europesays.com\/de\/wp-json\/wp\/v2\/media?parent=300530"}],"wp:term":[{"taxonomy":"category","embeddable":true,"href":"https:\/\/www.europesays.com\/de\/wp-json\/wp\/v2\/categories?post=300530"},{"taxonomy":"post_tag","embeddable":true,"href":"https:\/\/www.europesays.com\/de\/wp-json\/wp\/v2\/tags?post=300530"}],"curies":[{"name":"wp","href":"https:\/\/api.w.org\/{rel}","templated":true}]}}