{"id":300605,"date":"2025-07-28T14:03:18","date_gmt":"2025-07-28T14:03:18","guid":{"rendered":"https:\/\/www.europesays.com\/de\/300605\/"},"modified":"2025-07-28T14:03:18","modified_gmt":"2025-07-28T14:03:18","slug":"hunderte-liter-alt-sind-geflossen","status":"publish","type":"post","link":"https:\/\/www.europesays.com\/de\/300605\/","title":{"rendered":"Hunderte Liter Alt sind geflossen"},"content":{"rendered":"<p class=\"text_ohne_einzug richtext text-em-55 !leading-serif mx-6 desktop:mx-0\">Die l\u00e4ngste Theke der Stadt stand am vergangenen Sonntag wohl am Peter-Schumacher-Platz. An der D\u00fcnner Stra\u00dfe entlang erstreckten sich die Zapfstellen mit den Bolten-F\u00e4ssern, an denen Hunderte Besucher geduldig warteten. Um 11:03 Uhr schwang Volker K\u00fcppers den Hammer \u2013 der SPD-Vorsteher des Bezirks Ost er\u00f6ffnete damit feierlich das 57. Jakob-Brunnen-Fest. \u201eEs hat eine lange Tradition bei uns\u201c, erkl\u00e4rte er kurz vor dem Fassanstich im Gespr\u00e4ch mit der Redaktion. In diesem Jahr wurde diese Tradition um ein Jubil\u00e4um erg\u00e4nzt: 125 Jahre Borussia. Das haben die Organisatoren \u00fcber die Alt-Gl\u00e4ser in ihr Fest am Sonntag, 27. Juli, integriert.<\/p>\n","protected":false},"excerpt":{"rendered":"Die l\u00e4ngste Theke der Stadt stand am vergangenen Sonntag wohl am Peter-Schumacher-Platz. An der D\u00fcnner Stra\u00dfe entlang erstreckten&hellip;\n","protected":false},"author":2,"featured_media":300606,"comment_status":"","ping_status":"","sticky":false,"template":"","format":"standard","meta":{"footnotes":""},"categories":[1849],"tags":[3364,29,548,663,3934,30,13,4455,14,15,1209,12],"class_list":{"0":"post-300605","1":"post","2":"type-post","3":"status-publish","4":"format-standard","5":"has-post-thumbnail","7":"category-moenchengladbach","8":"tag-de","9":"tag-deutschland","10":"tag-eu","11":"tag-europa","12":"tag-europe","13":"tag-germany","14":"tag-headlines","15":"tag-moenchengladbach","16":"tag-nachrichten","17":"tag-news","18":"tag-nordrhein-westfalen","19":"tag-schlagzeilen"},"share_on_mastodon":{"url":"https:\/\/pubeurope.com\/@de\/114931237089307257","error":""},"_links":{"self":[{"href":"https:\/\/www.europesays.com\/de\/wp-json\/wp\/v2\/posts\/300605","targetHints":{"allow":["GET"]}}],"collection":[{"href":"https:\/\/www.europesays.com\/de\/wp-json\/wp\/v2\/posts"}],"about":[{"href":"https:\/\/www.europesays.com\/de\/wp-json\/wp\/v2\/types\/post"}],"author":[{"embeddable":true,"href":"https:\/\/www.europesays.com\/de\/wp-json\/wp\/v2\/users\/2"}],"replies":[{"embeddable":true,"href":"https:\/\/www.europesays.com\/de\/wp-json\/wp\/v2\/comments?post=300605"}],"version-history":[{"count":0,"href":"https:\/\/www.europesays.com\/de\/wp-json\/wp\/v2\/posts\/300605\/revisions"}],"wp:featuredmedia":[{"embeddable":true,"href":"https:\/\/www.europesays.com\/de\/wp-json\/wp\/v2\/media\/300606"}],"wp:attachment":[{"href":"https:\/\/www.europesays.com\/de\/wp-json\/wp\/v2\/media?parent=300605"}],"wp:term":[{"taxonomy":"category","embeddable":true,"href":"https:\/\/www.europesays.com\/de\/wp-json\/wp\/v2\/categories?post=300605"},{"taxonomy":"post_tag","embeddable":true,"href":"https:\/\/www.europesays.com\/de\/wp-json\/wp\/v2\/tags?post=300605"}],"curies":[{"name":"wp","href":"https:\/\/api.w.org\/{rel}","templated":true}]}}