{"id":300684,"date":"2025-07-28T14:45:12","date_gmt":"2025-07-28T14:45:12","guid":{"rendered":"https:\/\/www.europesays.com\/de\/300684\/"},"modified":"2025-07-28T14:45:12","modified_gmt":"2025-07-28T14:45:12","slug":"grosser-fussball-trainerkongress-nagelsmann-und-streich-zu-gast-in-leipzig","status":"publish","type":"post","link":"https:\/\/www.europesays.com\/de\/300684\/","title":{"rendered":"Gro\u00dfer Fu\u00dfball-Trainerkongress: Nagelsmann und Streich zu Gast in Leipzig"},"content":{"rendered":"<p class=\"text\">\nAuch die mitteldeutschen Regionalliga-Trainer Jochen Seitz (Lok Leipzig), Volkan Uluc (FC Carl Zeiss Jena), Adrian Alipour (BSG Chemie Leipzig) und Georg-Martin Leopold (ZFC Meuselwitz) sind in Leipzig dabei. Plus Ex-Nationalspieler wie Ulf Kirsten, Olaf Marschall, Steffen Freund und Andreas Thom sowie Halles Sportchef Daniel Meyer.\n<\/p>\n<p class=\"text\">\nWichtiger Teil des ITK-Programms sind die Praxiseinheiten im Stadion am Cottaweg, der Heimspielst\u00e4tte der Frauen-Bundesligamannschaft, im RB-Trainingszentrum. DFB-U-Trainer Marc-Patrick Meister leitet seine Einheit beispielsweise mit einem Theorievortrag ein, ehe er das Thema &#8222;Der Spielbeschleuniger&#8220; mit einem Nachwuchsteam von RB Leipzig auf den Platz bringt. Die weiteren Praxiseinheiten werden allesamt von RB-Trainern durchgef\u00fchrt. Der Co-Trainer und Standardspezialist des 1. FC Magdeburg, Andreas Schumacher, referiert \u00fcber &#8222;Fu\u00dfball pur. Das beste Training schreibt das Spiel&#8220;.<\/p>\n","protected":false},"excerpt":{"rendered":"Auch die mitteldeutschen Regionalliga-Trainer Jochen Seitz (Lok Leipzig), Volkan Uluc (FC Carl Zeiss Jena), Adrian Alipour (BSG Chemie&hellip;\n","protected":false},"author":2,"featured_media":300685,"comment_status":"","ping_status":"","sticky":false,"template":"","format":"standard","meta":{"footnotes":""},"categories":[1832],"tags":[87422,87421,3364,29,20259,347,30,27048,2602,12070,71,81,859,3499,265,3498,5843],"class_list":{"0":"post-300684","1":"post","2":"type-post","3":"status-publish","4":"format-standard","5":"has-post-thumbnail","7":"category-leipzig","8":"tag-bdfl","9":"tag-christian-streich","10":"tag-de","11":"tag-deutschland","12":"tag-fortbildung","13":"tag-fussball","14":"tag-germany","15":"tag-jochen-seitz","16":"tag-julian-nagelsmann","17":"tag-kongress","18":"tag-leipzig","19":"tag-mdr","20":"tag-sachsen","21":"tag-spio","22":"tag-sport","23":"tag-sport-im-osten","24":"tag-trainer"},"share_on_mastodon":{"url":"https:\/\/pubeurope.com\/@de\/114931402352687440","error":""},"_links":{"self":[{"href":"https:\/\/www.europesays.com\/de\/wp-json\/wp\/v2\/posts\/300684","targetHints":{"allow":["GET"]}}],"collection":[{"href":"https:\/\/www.europesays.com\/de\/wp-json\/wp\/v2\/posts"}],"about":[{"href":"https:\/\/www.europesays.com\/de\/wp-json\/wp\/v2\/types\/post"}],"author":[{"embeddable":true,"href":"https:\/\/www.europesays.com\/de\/wp-json\/wp\/v2\/users\/2"}],"replies":[{"embeddable":true,"href":"https:\/\/www.europesays.com\/de\/wp-json\/wp\/v2\/comments?post=300684"}],"version-history":[{"count":0,"href":"https:\/\/www.europesays.com\/de\/wp-json\/wp\/v2\/posts\/300684\/revisions"}],"wp:featuredmedia":[{"embeddable":true,"href":"https:\/\/www.europesays.com\/de\/wp-json\/wp\/v2\/media\/300685"}],"wp:attachment":[{"href":"https:\/\/www.europesays.com\/de\/wp-json\/wp\/v2\/media?parent=300684"}],"wp:term":[{"taxonomy":"category","embeddable":true,"href":"https:\/\/www.europesays.com\/de\/wp-json\/wp\/v2\/categories?post=300684"},{"taxonomy":"post_tag","embeddable":true,"href":"https:\/\/www.europesays.com\/de\/wp-json\/wp\/v2\/tags?post=300684"}],"curies":[{"name":"wp","href":"https:\/\/api.w.org\/{rel}","templated":true}]}}