{"id":300714,"date":"2025-07-28T15:00:10","date_gmt":"2025-07-28T15:00:10","guid":{"rendered":"https:\/\/www.europesays.com\/de\/300714\/"},"modified":"2025-07-28T15:00:10","modified_gmt":"2025-07-28T15:00:10","slug":"18-jaehriger-soll-motorroller-neben-hauswand-angezuendet-haben","status":"publish","type":"post","link":"https:\/\/www.europesays.com\/de\/300714\/","title":{"rendered":"18-J\u00e4hriger soll Motorroller neben Hauswand angez\u00fcndet haben"},"content":{"rendered":"<p class=\"tspBWlv tspBWlw\">Die Polizei hat am fr\u00fchen Sonntagmorgen einen 18-J\u00e4hrigen festgenommen, der vor einem Mehrfamilienhaus in Berlin-Lichtenberg einen Motorroller in Brand gesetzt haben soll. Wie die Polizei am Montag mitteilte, alarmierte eine Bewohnerin Polizei und Feuerwehr gegen 3.15 Uhr zu einem Mehrfamilienhaus in der Stra\u00dfe Alt-Friedrichsfelde. Sie gab an, Knallger\u00e4usche geh\u00f6rt und dann Flammen vor einer\u00a0M\u00fcllraumt\u00fcr\u00a0gesehen zu haben. <\/p>\n<p class=\"tspBWlv\">Polizeikr\u00e4fte entdeckten vor Ort einen brennenden Motorroller an der Hauswand und versuchten, das Feuer mit einem Feuerl\u00f6scher zu bek\u00e4mpfen. Schlie\u00dflich konnte die Feuerwehr den Brand l\u00f6schen.\u00a0Verletzt wurde niemand, allerdings wurde die Hauswand durch das Feuer besch\u00e4digt. <\/p>\n<p> Mehr aus Berlin: <a href=\"https:\/\/www.tagesspiegel.de\/berlin\/messergewalt-in-charlottenburg-jugendlicher-sticht-zwei-manner-nieder-14096441.html?icid=topic-list_14097158___\" data-gtm-class=\"article-mzt-link\" class=\"tspCOom\" target=\"_blank\" rel=\"noopener\">Messergewalt in Charlottenburg Jugendlicher sticht zwei M\u00e4nner nieder <\/a><a href=\"https:\/\/www.tagesspiegel.de\/berlin\/homofeindlicher-ubergriff-in-neukolln-vierkopfige-gruppe-beleidigt-und-verletzt-paar-und-zeugin-14095946.html?icid=topic-list_14097158___\" data-gtm-class=\"article-mzt-link\" class=\"tspCOom\" target=\"_blank\" rel=\"noopener\">Homofeindlicher \u00dcbergriff in Neuk\u00f6lln Vierk\u00f6pfige Gruppe beleidigt und verletzt Paar und Zeugin <\/a><a href=\"https:\/\/www.tagesspiegel.de\/berlin\/csd-verurteilt-anfeindungen-cdu-politiker-auf-parade-in-berlin-angespuckt-und-beschimpft-14092388.html?icid=topic-list_14097158___\" data-gtm-class=\"article-mzt-link\" class=\"tspCOom\" target=\"_blank\" rel=\"noopener\">CSD verurteilt Anfeindungen CDU-Politiker auf Parade in Berlin angespuckt und ins Gesicht geschlagen <\/a><\/p>\n<p class=\"tspBWlv\">Passanten machten die Polizeikr\u00e4fte auf einen 18-J\u00e4hrigen aufmerksam, der sich den Angaben nach zuerst gehend und dann rennend vom Brandort entfernte. Ein Zeuge gab an, dass sich der junge Mann zuvor im Geb\u00fcsch versteckt haben soll. In der Robert-Uhrig-Stra\u00dfe\u00a0konnten die Beamten den Tatverd\u00e4chtigen stellen. <\/p>\n<p class=\"tspBWlv\">Ein Brandkommissariat des Landeskriminalamts ermittelt wegen des Verdachts der schweren Brandstiftung\u00a0gegen den 18-J\u00e4hrigen. Derzeit werde gepr\u00fcft, ob er auf staatsanwaltschaftliche Anordnung einem Haftrichter vorgef\u00fchrt werden soll, hie\u00df es am Montag. (Tsp)<\/p>\n","protected":false},"excerpt":{"rendered":"Die Polizei hat am fr\u00fchen Sonntagmorgen einen 18-J\u00e4hrigen festgenommen, der vor einem Mehrfamilienhaus in Berlin-Lichtenberg einen Motorroller in&hellip;\n","protected":false},"author":2,"featured_media":270770,"comment_status":"","ping_status":"","sticky":false,"template":"","format":"standard","meta":{"footnotes":""},"categories":[1825],"tags":[296,29,980,985,30,1952,4908],"class_list":{"0":"post-300714","1":"post","2":"type-post","3":"status-publish","4":"format-standard","5":"has-post-thumbnail","7":"category-berlin","8":"tag-berlin","9":"tag-deutschland","10":"tag-festnahme","11":"tag-feuerwehr","12":"tag-germany","13":"tag-lichtenberg","14":"tag-polizeieinsatz"},"share_on_mastodon":{"url":"https:\/\/pubeurope.com\/@de\/114931461438816500","error":""},"_links":{"self":[{"href":"https:\/\/www.europesays.com\/de\/wp-json\/wp\/v2\/posts\/300714","targetHints":{"allow":["GET"]}}],"collection":[{"href":"https:\/\/www.europesays.com\/de\/wp-json\/wp\/v2\/posts"}],"about":[{"href":"https:\/\/www.europesays.com\/de\/wp-json\/wp\/v2\/types\/post"}],"author":[{"embeddable":true,"href":"https:\/\/www.europesays.com\/de\/wp-json\/wp\/v2\/users\/2"}],"replies":[{"embeddable":true,"href":"https:\/\/www.europesays.com\/de\/wp-json\/wp\/v2\/comments?post=300714"}],"version-history":[{"count":0,"href":"https:\/\/www.europesays.com\/de\/wp-json\/wp\/v2\/posts\/300714\/revisions"}],"wp:featuredmedia":[{"embeddable":true,"href":"https:\/\/www.europesays.com\/de\/wp-json\/wp\/v2\/media\/270770"}],"wp:attachment":[{"href":"https:\/\/www.europesays.com\/de\/wp-json\/wp\/v2\/media?parent=300714"}],"wp:term":[{"taxonomy":"category","embeddable":true,"href":"https:\/\/www.europesays.com\/de\/wp-json\/wp\/v2\/categories?post=300714"},{"taxonomy":"post_tag","embeddable":true,"href":"https:\/\/www.europesays.com\/de\/wp-json\/wp\/v2\/tags?post=300714"}],"curies":[{"name":"wp","href":"https:\/\/api.w.org\/{rel}","templated":true}]}}