{"id":300715,"date":"2025-07-28T15:01:11","date_gmt":"2025-07-28T15:01:11","guid":{"rendered":"https:\/\/www.europesays.com\/de\/300715\/"},"modified":"2025-07-28T15:01:11","modified_gmt":"2025-07-28T15:01:11","slug":"soldaten-marschieren-in-gedenken-an-gefallene","status":"publish","type":"post","link":"https:\/\/www.europesays.com\/de\/300715\/","title":{"rendered":"Soldaten marschieren in Gedenken an Gefallene"},"content":{"rendered":"<p class=\"tspBWlv tspBWlw\">In Gedenken an Gefallene marschieren rund 150 Soldaten und Reservisten der Bundeswehr aus ganz Deutschland durch Brandenburg nach Berlin. Der Marsch hat am Montag begonnen und dauert vier Tage \u2013 also bis zum Donnerstag, wie das Landeskommando Brandenburg mitteilte. Der Gedenkmarsch, den es in diesem Jahr zum achten Mal gibt, sei bundesweit die einzige Gro\u00dfaktion zu diesem Anlass.<\/p>\n<p class=\"tspBWlv\">Die Strecke umfasst rund 120 Kilometer \u2013 f\u00fcr 120 Bundeswehr-Angeh\u00f6rige, die seit 1955, also seit Bestehen der Bundeswehr, bei Auslandseins\u00e4tzen starben. Zus\u00e4tzlich kommen 3429 Meter f\u00fcr weitere im Dienst Gestorbene hinzu. Die Bundeswehr feiert in diesem Jahr ihr 70. Jubil\u00e4um.\u00a0<\/p>\n<p> Mehr aus Berlin: <a href=\"https:\/\/www.tagesspiegel.de\/berlin\/csd-verurteilt-anfeindungen-cdu-politiker-auf-parade-in-berlin-angespuckt-und-beschimpft-14092388.html?icid=topic-list_14097416___\" data-gtm-class=\"article-mzt-link\" class=\"tspCOom\" target=\"_blank\" rel=\"noopener\">CSD verurteilt Anfeindungen CDU-Politiker auf Parade in Berlin angespuckt und ins Gesicht geschlagen <\/a><a href=\"https:\/\/www.tagesspiegel.de\/berlin\/messergewalt-in-charlottenburg-jugendlicher-sticht-zwei-manner-nieder-14096441.html?icid=topic-list_14097416___\" data-gtm-class=\"article-mzt-link\" class=\"tspCOom\" target=\"_blank\" rel=\"noopener\">Messergewalt in Charlottenburg Jugendlicher sticht zwei M\u00e4nner nieder <\/a><a href=\"https:\/\/www.tagesspiegel.de\/berlin\/berliner-wirtschaft\/galeria-schliesst-woolworth-offnet-der-kaufhaus-discounter-will-zahl-seiner-filialen-in-berlin-verdoppeln-13990736.html?icid=topic-list_14097416___\" data-gtm-class=\"article-mzt-link\" class=\"tspCOom\" target=\"_blank\" rel=\"noopener\">Galeria schlie\u00dft, Woolworth \u00f6ffnet Der Kaufhaus-Discounter will Zahl seiner Filialen in Berlin verdoppeln <\/a><\/p>\n<p class=\"tspBWlv\">\u201eNahezu jeder, der hier mitmacht, hat eine besondere Verbindung zu einem der Eins\u00e4tze\u201c, sagte Oberstleutnant Detlef Schachel. Demnach bietet der Marsch auch eine M\u00f6glichkeit des gemeinsamen Erinnerns. \u201eEs ist ihnen allen ein besonderes Anliegen, hier dabei zu sein.\u201c Jeder Teilnehmer trage das Namensband eines Toten an der Brust.<\/p>\n<p class=\"tspBWlv\">Die Route f\u00fchrt vom Truppen\u00fcbungsplatz in Kloster Lehnin (Potsdam-Mittelmark) \u00fcber Potsdam nach Berlin und endet dort am Donnerstag (31. Juli) mit einer feierlichen Abschlusszeremonie am Ehrendenkmal der Bundeswehr im Bendlerblock. Es k\u00f6nne zwischenzeitlich zu Verkehrseinschr\u00e4nkungen kommen, hie\u00df es. (dpa)<\/p>\n","protected":false},"excerpt":{"rendered":"In Gedenken an Gefallene marschieren rund 150 Soldaten und Reservisten der Bundeswehr aus ganz Deutschland durch Brandenburg nach&hellip;\n","protected":false},"author":2,"featured_media":300716,"comment_status":"","ping_status":"","sticky":false,"template":"","format":"standard","meta":{"footnotes":""},"categories":[1825],"tags":[296,1890,685,29,30,13036],"class_list":{"0":"post-300715","1":"post","2":"type-post","3":"status-publish","4":"format-standard","5":"has-post-thumbnail","7":"category-berlin","8":"tag-berlin","9":"tag-brandenburg","10":"tag-bundeswehr","11":"tag-deutschland","12":"tag-germany","13":"tag-soldat"},"share_on_mastodon":{"url":"https:\/\/pubeurope.com\/@de\/114931465338532045","error":""},"_links":{"self":[{"href":"https:\/\/www.europesays.com\/de\/wp-json\/wp\/v2\/posts\/300715","targetHints":{"allow":["GET"]}}],"collection":[{"href":"https:\/\/www.europesays.com\/de\/wp-json\/wp\/v2\/posts"}],"about":[{"href":"https:\/\/www.europesays.com\/de\/wp-json\/wp\/v2\/types\/post"}],"author":[{"embeddable":true,"href":"https:\/\/www.europesays.com\/de\/wp-json\/wp\/v2\/users\/2"}],"replies":[{"embeddable":true,"href":"https:\/\/www.europesays.com\/de\/wp-json\/wp\/v2\/comments?post=300715"}],"version-history":[{"count":0,"href":"https:\/\/www.europesays.com\/de\/wp-json\/wp\/v2\/posts\/300715\/revisions"}],"wp:featuredmedia":[{"embeddable":true,"href":"https:\/\/www.europesays.com\/de\/wp-json\/wp\/v2\/media\/300716"}],"wp:attachment":[{"href":"https:\/\/www.europesays.com\/de\/wp-json\/wp\/v2\/media?parent=300715"}],"wp:term":[{"taxonomy":"category","embeddable":true,"href":"https:\/\/www.europesays.com\/de\/wp-json\/wp\/v2\/categories?post=300715"},{"taxonomy":"post_tag","embeddable":true,"href":"https:\/\/www.europesays.com\/de\/wp-json\/wp\/v2\/tags?post=300715"}],"curies":[{"name":"wp","href":"https:\/\/api.w.org\/{rel}","templated":true}]}}