{"id":300726,"date":"2025-07-28T15:07:14","date_gmt":"2025-07-28T15:07:14","guid":{"rendered":"https:\/\/www.europesays.com\/de\/300726\/"},"modified":"2025-07-28T15:07:14","modified_gmt":"2025-07-28T15:07:14","slug":"baby-da-doch-sie-ist-wieder-single","status":"publish","type":"post","link":"https:\/\/www.europesays.com\/de\/300726\/","title":{"rendered":"Baby da \u2013 doch sie ist wieder Single"},"content":{"rendered":"<p>&#8222;Bachelor&#8220;-Kandidatin Leonie<br \/>\nWenige Wochen nach Geburt ihres Sohnes ist sie Single<\/p>\n<p><img class=\"image image-element__image\"   src=\"https:\/\/www.europesays.com\/de\/wp-content\/uploads\/2025\/07\/leonie-aufmacher.jpg\" alt=\"&quot;Die Bachelors&quot;-Kandidatin Leonie\" decoding=\"async\" fetchpriority=\"high\" loading=\"eager\"\/><br \/>\n<a href=\"https:\/\/image.vip.de\/24425996\/t\/Jo\/v3\/w2048\/r1.5\/-\/leonie-aufmacher.jpg#instagram.com%2Fleonie.magx\" class=\"image__magnifier\" aria-label=\"Vergr\u00f6\u00dfern\" rel=\"nofollow noopener\" target=\"_blank\"><\/p>\n<p>\n &#8222;Die Bachelors&#8220;-Kandidatin Leonie ist schwanger <\/p>\n<p>\u00a9 instagram.com\/leonie.magx<\/p>\n<p>\nDie Promi-News des Tages im VIP.de-Ticker: &#8222;Bachelor&#8220;-Kandidatin Leonie macht Trennung \u00f6ffentlich +++ Yasin Cilingir gibt intime Einblicke in Sexleben mit Ehefrau Samira.\n<\/p>\n<p>Die Promi-News des Tages im VIP.de-Ticker<\/p>\n<p>28. Juli 2025<\/p>\n<p>Gl\u00fccklicher Single? &#8222;Bachelor&#8220;-Kandidatin Leonie macht kurz nach Geburt Trennung bekannt<\/p>\n<p class=\"text-element u-richtext u-typo u-typo--article-text article__text-element text-element--context-article\"> Sie ist ein Mensch, der fast immer l\u00e4chelt. Doch jetzt d\u00fcrfte es ihr schwer ums Herz sein. Noch im vergangenen Jahr buhlte Leonie um die Herzen der beiden &#8222;Bachelors&#8220; Sebastian Klaus, 37, und Dennis Gries, 32, \u2013 vergeblich. Doch dann traf die K\u00f6lner Brautsylistin den D\u00fcsseldorfer Unternehmer Lukas Nienaber. Die beiden zogen gemeinsam nach Irland und wurden erst vor wenigen Wochen Eltern eines Sohnes. Das Gl\u00fcck schien perfekt. Doch nun verk\u00fcndet die 29-J\u00e4hrige traurige Nachrichten. &#8222;Meine letzten Wochen waren von einem Wechselbad der Gef\u00fchle gepr\u00e4gt. Gesundheitlich bin ich neun Wochen nach der Geburt noch nicht geheilt. Lukas und ich sind nicht mehr zusammen&#8220;, offenbart sie gegen\u00fcber RTL.<\/p>\n<p class=\"text-element u-richtext u-typo u-typo--article-text article__text-element text-element--context-article\"> Leonie ist wieder Single, lebt mit ihrem Sohn in Dublin \u2013 seit rund zwei Wochen ohne Lukas. &#8222;Eine Trennung ist nie leicht, besonders wenn man sich ein gemeinsames Leben inklusive Auswanderung und Familiengr\u00fcndung aufgebaut hat&#8220;, schildert sie ihre Gef\u00fchlslage. Doch einen Hoffnungsschimmer hat sie. &#8222;Als frisch gebackene Mama gibt das Kind einem unglaublich viel Kraft und zaubert einem, auch wenn um einen rum gef\u00fchlt alles zusammenbricht, ein L\u00e4cheln ins Gesicht.&#8220;\u00a0<\/p>\n<p class=\"text-element u-richtext u-typo u-typo--article-text article__text-element text-element--context-article\"> Ins Detail geht sie bei den Gr\u00fcnden f\u00fcr das Liebesaus nicht. Nur soviel: &#8222;Es schmerzt sehr, wenn ich an die Anfangszeit zur\u00fcckdenke. \u00dcber die Monate ist zwischen uns viel passiert. Wir haben die Grenzen des anderen \u00fcberschritten und k\u00f6nnen dies nicht mehr r\u00fcckg\u00e4ngig machen.&#8220; Leonie will jetzt mit ihrem kleinen Tizian zur\u00fcck nach Deutschland. Die Wohnungssuche im Rheinland l\u00e4uft.\u00a0<\/p>\n<p>Yasin und Samira Cilingir plaudern intime Details ihres Sexlebens aus<\/p>\n<p class=\"text-element u-richtext u-typo u-typo--article-text article__text-element text-element--context-article\"> Yasin, 34, und <a class=\"autolinker\" data-target-type=\"article\" href=\"https:\/\/www.vip.de\/vips\/samira-cilingir-t14960.html\" rel=\"nofollow noopener\" target=\"_blank\">Samira Cilingir<\/a>, 27, haben den Sprung von der TV-Romanze zur echten Liebesgeschichte geschafft: Sie lernten sich in der Dating-Show &#8222;<a class=\"autolinker\" data-target-type=\"article\" href=\"https:\/\/www.vip.de\/themen\/love-island-t11192.html\" target=\"_self\" rel=\"nofollow noopener\">Love Island<\/a>&#8220; kennen, haben zwei gemeinsame Kinder und sind bis heute verheiratet. Jetzt \u00fcberrascht Yasin mit einer Aussage, die die scheinbare Familienidylle br\u00f6ckeln l\u00e4sst. Auf Instagram startet er am Sonntag, 27. Juli 2025, eine Fragerunde, in der ein Fan wissen m\u00f6chte, wie oft das Influencer-Paar nach zwei Kindern &#8222;noch intim&#8220; sei. Yasin zeigt sich \u00fcberraschend ehrlich und schreibt: &#8222;Es ist kompliziert \u2013 Intimit\u00e4t ist bei uns kein gro\u00dfer Bestandteil im Moment.&#8220; Ein Schock f\u00fcr die Community des 34-J\u00e4hrigen \u2013 immerhin wirkt auf Social Media stets alles harmonisch.<\/p>\n<p class=\"text-element u-richtext u-typo u-typo--article-text article__text-element text-element--context-article\"> Weiter offenbart Yasin: &#8222;Aktuell ist das Thema bei uns eher still \u2013 aber jede Beziehung hat ihre eigenen Baustellen.&#8220; Er wolle seinen Fans zeigen, dass auch bei ihnen nicht immer alles &#8222;wie im Bilderbuch&#8220; laufe. Weitere Details will er allerdings nicht preisgeben, da sie &#8222;zu pers\u00f6nlich&#8220; seien. &#8222;Manchmal sind Paare einfach nicht mehr im gleichen Takt unterwegs \u2013 auch was N\u00e4he angeht. Ist nicht leicht, aber Realit\u00e4t. Es gibt Zeiten, da f\u00fchlt man sich verbunden \u2013 und Zeiten, wo Distanz w\u00e4chst. Bei uns ist es gerade Letzteres.&#8220;\u00a0<\/p>\n<p><img class=\"image image-element__image\"   src=\"https:\/\/www.europesays.com\/de\/wp-content\/uploads\/2025\/07\/yasin-samira-cilingir-ig.jpg\" alt=\"Yasin Cilingir nimmt in seiner Instagram-Story kein Blatt vor den Mund.\" decoding=\"async\" fetchpriority=\"auto\" loading=\"lazy\"\/><br \/>\n<a href=\"https:\/\/image.vip.de\/24425582\/t\/TH\/v3\/w2048\/r0\/-\/yasin-samira-cilingir-ig.jpg#instagram.com%2Fyasin__ca\" class=\"image__magnifier\" aria-label=\"Vergr\u00f6\u00dfern\" rel=\"nofollow noopener\" target=\"_blank\"><\/p>\n<p> Yasin Cilingir nimmt in seiner Instagram-Story kein Blatt vor den Mund. <\/p>\n<p>\u00a9 instagram.com\/yasin__ca<\/p>\n<p class=\"text-element u-richtext u-typo u-typo--article-text article__text-element text-element--context-article\"> Harte Worte des geb\u00fcrtigen Bayern. In der Vergangenheit kriselte es bereits mehrfach zwischen den &#8222;Love Island&#8220;-Zweitplatzierten. Ende 2023 k\u00fcndigte das Paar sogar eine Beziehungspause an. Samira betonte damals jedoch, dass sie ihre Beziehung nicht kampflos aufgeben wolle \u2013 ihre Familie bedeute ihr alles. Offenbar hatten sich die beiden wieder zusammengerauft. Ob es diesmal erneut so gut ausgeht, bleibt abzuwarten.<\/p>\n<p>Promi-News verpasst? Kein Problem!<\/p>\n<p class=\"text-element u-richtext u-typo u-typo--article-text article__text-element text-element--context-article\"> Egal, ob deutsche Stars und Influencer:innen, internationale Hollywood-Prominenz oder die Cr\u00e8me de la Cr\u00e8me des Reality-TV: In unseren w\u00f6chentlichen Promi-Tickern bei VIP.de verpasst ihr keine Neuigkeiten und Informationen. Die wichtigsten Meldungen aus der vergangenen Woche <a data-target-type=\"article\" href=\"https:\/\/www.vip.de\/stars\/yeliz-koc--jannik-kontalis-kann-sich-trennung-nicht-erklaeren-24421496.html\" rel=\"nofollow noopener\" target=\"_blank\">lest ihr hier.<\/a><\/p>\n<p class=\"text-element u-richtext u-typo u-typo--article-text article__text-element text-element--context-article\"> Verwendete Quellen: rtl.de, instagram.com<\/p>\n<p>\nama \/ nsi<br \/>\nVIP.de\n<\/p>\n<p>#Themen<\/p>\n<p><script async src=\"\/\/www.instagram.com\/embed.js\"><\/script><\/p>\n","protected":false},"excerpt":{"rendered":"&#8222;Bachelor&#8220;-Kandidatin Leonie Wenige Wochen nach Geburt ihres Sohnes ist sie Single &#8222;Die Bachelors&#8220;-Kandidatin Leonie ist schwanger \u00a9 instagram.com\/leonie.magx&hellip;\n","protected":false},"author":2,"featured_media":300727,"comment_status":"","ping_status":"","sticky":false,"template":"","format":"standard","meta":{"footnotes":""},"categories":[1773],"tags":[29,214,30,471,1780,215],"class_list":{"0":"post-300726","1":"post","2":"type-post","3":"status-publish","4":"format-standard","5":"has-post-thumbnail","7":"category-serien","8":"tag-deutschland","9":"tag-entertainment","10":"tag-germany","11":"tag-serien","12":"tag-series","13":"tag-unterhaltung"},"share_on_mastodon":{"url":"https:\/\/pubeurope.com\/@de\/114931488990823113","error":""},"_links":{"self":[{"href":"https:\/\/www.europesays.com\/de\/wp-json\/wp\/v2\/posts\/300726","targetHints":{"allow":["GET"]}}],"collection":[{"href":"https:\/\/www.europesays.com\/de\/wp-json\/wp\/v2\/posts"}],"about":[{"href":"https:\/\/www.europesays.com\/de\/wp-json\/wp\/v2\/types\/post"}],"author":[{"embeddable":true,"href":"https:\/\/www.europesays.com\/de\/wp-json\/wp\/v2\/users\/2"}],"replies":[{"embeddable":true,"href":"https:\/\/www.europesays.com\/de\/wp-json\/wp\/v2\/comments?post=300726"}],"version-history":[{"count":0,"href":"https:\/\/www.europesays.com\/de\/wp-json\/wp\/v2\/posts\/300726\/revisions"}],"wp:featuredmedia":[{"embeddable":true,"href":"https:\/\/www.europesays.com\/de\/wp-json\/wp\/v2\/media\/300727"}],"wp:attachment":[{"href":"https:\/\/www.europesays.com\/de\/wp-json\/wp\/v2\/media?parent=300726"}],"wp:term":[{"taxonomy":"category","embeddable":true,"href":"https:\/\/www.europesays.com\/de\/wp-json\/wp\/v2\/categories?post=300726"},{"taxonomy":"post_tag","embeddable":true,"href":"https:\/\/www.europesays.com\/de\/wp-json\/wp\/v2\/tags?post=300726"}],"curies":[{"name":"wp","href":"https:\/\/api.w.org\/{rel}","templated":true}]}}