{"id":300743,"date":"2025-07-28T15:16:18","date_gmt":"2025-07-28T15:16:18","guid":{"rendered":"https:\/\/www.europesays.com\/de\/300743\/"},"modified":"2025-07-28T15:16:18","modified_gmt":"2025-07-28T15:16:18","slug":"woher-stammten-die-2500-euro-anwalt-von-cdu-politikerin-bosbach-raeumt-geldannahme-ein","status":"publish","type":"post","link":"https:\/\/www.europesays.com\/de\/300743\/","title":{"rendered":"Woher stammten die 2500 Euro?: Anwalt von CDU-Politikerin Bosbach r\u00e4umt Geldannahme ein"},"content":{"rendered":"<p>                    Woher stammten die 2500 Euro?<br \/>\n                Anwalt von CDU-Politikerin Bosbach r\u00e4umt Geldannahme ein<\/p>\n<p>\t\t\t\t              28.07.2025, 15:01 Uhr<\/p>\n<p>\t\t\t\t\t       Artikel anh\u00f6ren<\/p>\n<p>\t\t\t\t\t\t\tDiese Audioversion wurde k\u00fcnstlich generiert. <a href=\"https:\/\/www.n-tv.de\/23249898\" rel=\"nofollow noopener\" target=\"_blank\">Mehr Infos<\/a><\/p>\n<p><strong>Recherchen von ntv und &#8222;Stern&#8220; bringen die prominente CDU-Politikerin Caroline Bosbach in Erkl\u00e4rungsnot: Ihre Anw\u00e4lte r\u00e4umen nun ein, dass sie Geld entgegengenommen hat. Aber warum?<\/strong><\/p>\n<p>Die <a href=\"https:\/\/www.n-tv.de\/politik\/Anwalt-von-CDU-Politikerin-Bosbach-raeumt-Geldannahme-ein-article25929811.html\/content:4540352\" rel=\"nofollow noopener\" target=\"_blank\">CDU<\/a>-Bundestagsabgeordnete Caroline Bosbach ger\u00e4t zunehmend in Erkl\u00e4rungsnot. Wie ntv und &#8222;Stern&#8220; am vergangenen Freitag berichteten, soll die Politikerin \u00fcber Umwege 2500 Euro aus der Parteikasse erhalten haben &#8211; bar \u00fcbergeben von einem CDU-Auszubildenden. Nun r\u00e4umen <a href=\"https:\/\/www.n-tv.de\/politik\/Anwalt-von-CDU-Politikerin-Bosbach-raeumt-Geldannahme-ein-article25929811.html\/content:8572704\" rel=\"nofollow noopener\" target=\"_blank\">Bosbachs<\/a> Anw\u00e4lte laut &#8222;K\u00f6lner Stadt-Anzeiger&#8220; ein, dass sie das Geld tats\u00e4chlich entgegengenommen hat. In einer Stellungnahme, die der Zeitung vorliegt, hei\u00dft es: &#8222;Unsere Mandantin erhielt kein Geld von der CDU, sondern von Herrn Y. [dem CDU-Mitarbeiter, Anm. d. Red.]. Und Herr Y. hat die Zahlung an unsere Mandantin aus seinen privaten Geldmitteln geleistet.&#8220;<\/p>\n<p>Der CDU-Azubi hatte im Januar der Kreisgesch\u00e4ftsstelle Rheinisch-Bergischer Kreis eine Rechnung \u00fcber 2500 Euro f\u00fcr angebliche Wahlkampfhilfe zugeschickt &#8211; auf Bitten von Caroline Bosbach, wie er in einer eidesstattlichen Versicherung erkl\u00e4rt. Er selbst habe im Wahlkampf allerdings gar keine Leistungen erbracht, betont er. Bosbach widerspricht der Darstellung.<\/p>\n<p>Nach Informationen von ntv und &#8222;Stern&#8220; soll Bosbach die Rechnung in einer internen CDU-Chatgruppe selbst zur Zahlung freigegeben haben. Ein hochrangiges Mitglied des Kreisvorstands best\u00e4tigte, dass die Partei die Rechnung daraufhin offenbar nicht weiter pr\u00fcfte.<\/p>\n<p>Bosbach bleibt Sitzung fern<\/p>\n<p>Nach der \u00dcberweisung hob der Auszubildende das Geld ab und \u00fcbergab es Bosbach pers\u00f6nlich &#8211; ein Vorgang, den ein weiterer ehemaliger CDU-Mitarbeiter in einer zweiten eidesstattlichen Versicherung bekr\u00e4ftigt. Der Azubi wurde von der CDU mittlerweile &#8222;aufgrund des erheblichen Vertrauensverlustes durch den mit der Selbstanzeige behaupteten Betrug mittels fingierter Rechnung&#8220; entlassen. <\/p>\n<p>Bosbachs Anw\u00e4lte weisen ein Fehlverhalten der Politikerin entschieden zur\u00fcck und sprechen von einer &#8222;Schmutzkampagne&#8220; eines ehemaligen CDU-Mitarbeiters. Warum sie aber das Geld annahm, ist weiterhin offen. Dass sie unmittelbar nach Aufkommen der Vorw\u00fcrfe 2500 Euro an die CDU \u00fcberwiesen haben will, also genau die in Rede stehende Summe, erscheint insofern widerspr\u00fcchlich, als dass sie ja eigentlich kein Fehlverhalten ihrerseits sieht.<\/p>\n<p>An einer Krisensitzung des CDU-Kreisverbandes Rheinisch-Bergischer Kreis am vergangenen Freitag nahm Bosbach trotz Einladung nicht teil. Mehrere Teilnehmer berichten von gro\u00dfem Unmut \u00fcber ihr Fernbleiben.<\/p>\n","protected":false},"excerpt":{"rendered":"Woher stammten die 2500 Euro? Anwalt von CDU-Politikerin Bosbach r\u00e4umt Geldannahme ein 28.07.2025, 15:01 Uhr Artikel anh\u00f6ren Diese&hellip;\n","protected":false},"author":2,"featured_media":300744,"comment_status":"","ping_status":"","sticky":false,"template":"","format":"standard","meta":{"footnotes":""},"categories":[2],"tags":[31,29,30,13,14,15,82037,16,12,10,8,9,11,7798],"class_list":{"0":"post-300743","1":"post","2":"type-post","3":"status-publish","4":"format-standard","5":"has-post-thumbnail","7":"category-deutschland","8":"tag-cdu","9":"tag-deutschland","10":"tag-germany","11":"tag-headlines","12":"tag-nachrichten","13":"tag-news","14":"tag-parteienfinanzierung","15":"tag-politik","16":"tag-schlagzeilen","17":"tag-top-news","18":"tag-top-meldungen","19":"tag-topmeldungen","20":"tag-topnews","21":"tag-wolfgang-bosbach"},"share_on_mastodon":{"url":"https:\/\/pubeurope.com\/@de\/114931524215105440","error":""},"_links":{"self":[{"href":"https:\/\/www.europesays.com\/de\/wp-json\/wp\/v2\/posts\/300743","targetHints":{"allow":["GET"]}}],"collection":[{"href":"https:\/\/www.europesays.com\/de\/wp-json\/wp\/v2\/posts"}],"about":[{"href":"https:\/\/www.europesays.com\/de\/wp-json\/wp\/v2\/types\/post"}],"author":[{"embeddable":true,"href":"https:\/\/www.europesays.com\/de\/wp-json\/wp\/v2\/users\/2"}],"replies":[{"embeddable":true,"href":"https:\/\/www.europesays.com\/de\/wp-json\/wp\/v2\/comments?post=300743"}],"version-history":[{"count":0,"href":"https:\/\/www.europesays.com\/de\/wp-json\/wp\/v2\/posts\/300743\/revisions"}],"wp:featuredmedia":[{"embeddable":true,"href":"https:\/\/www.europesays.com\/de\/wp-json\/wp\/v2\/media\/300744"}],"wp:attachment":[{"href":"https:\/\/www.europesays.com\/de\/wp-json\/wp\/v2\/media?parent=300743"}],"wp:term":[{"taxonomy":"category","embeddable":true,"href":"https:\/\/www.europesays.com\/de\/wp-json\/wp\/v2\/categories?post=300743"},{"taxonomy":"post_tag","embeddable":true,"href":"https:\/\/www.europesays.com\/de\/wp-json\/wp\/v2\/tags?post=300743"}],"curies":[{"name":"wp","href":"https:\/\/api.w.org\/{rel}","templated":true}]}}