{"id":300788,"date":"2025-07-28T15:41:10","date_gmt":"2025-07-28T15:41:10","guid":{"rendered":"https:\/\/www.europesays.com\/de\/300788\/"},"modified":"2025-07-28T15:41:10","modified_gmt":"2025-07-28T15:41:10","slug":"eu-satelliteninternet-uk-norwegen-und-ukraine-koennen-sich-iris2-anschliessen","status":"publish","type":"post","link":"https:\/\/www.europesays.com\/de\/300788\/","title":{"rendered":"EU-Satelliteninternet: UK, Norwegen und Ukraine k\u00f6nnen sich IRIS2 anschlie\u00dfen"},"content":{"rendered":"<p>    close notice<\/p>\n<p class=\"notice-banner__text a-u-mb-0\">\n      This article is also available in<br \/>\n        <a href=\"https:\/\/www.heise.de\/en\/news\/EU-satellite-internet-UK-Norway-and-Ukraine-can-join-IRIS2-10502181.html\" class=\"notice-banner__link a-u-inline-link\" rel=\"nofollow noopener\" target=\"_blank\">English<\/a>.<\/p>\n<p>      It was translated with technical assistance and editorially reviewed before publication.\n    <\/p>\n<p class=\"notice-banner__link a-u-mb-0\">\n    Don\u2019t show this again.\n<\/p>\n<p>Die EU arbeitet an einem eigenen sicheren Satelliten-Kommunikationsnetzwerk namens IRIS2, das eine Alternative zu Elon Musks Starlink darstellen soll. Die geplante <a href=\"https:\/\/www.heise.de\/news\/EU-Staaten-besiegeln-Plan-zum-Aufbau-eines-eigenes-Satelliten-Internets-7539706.html\" rel=\"nofollow noopener\" target=\"_blank\">&#8222;Infrastruktur f\u00fcr Resilienz, Interkonnektivit\u00e4t und Sicherheit durch Satelliten&#8220;<\/a> soll vor allem den staatlichen Bedarf der Mitgliedsstaaten f\u00fcr Breitbandinternet aus dem All im Sinne der angestrebten digitalen Souver\u00e4nit\u00e4t gew\u00e4hrleisten. Andrius Kubilius, EU-Kommissar f\u00fcr Verteidigung und Raumfahrt, \u00fcberraschte nun mit der Ansage, dass auch europ\u00e4ische Drittstaaten wie Norwegen, die Ukraine und Gro\u00dfbritannien dem Netzwerk beitreten k\u00f6nnten.<\/p>\n<p>Er habe keine Einw\u00e4nde gegen einen solchen Zuwachs bei den IRIS2-Partnern, <a href=\"https:\/\/www.euractiv.com\/section\/tech\/news\/uk-norway-and-ukraine-welcome-to-join-eus-iris%C2%B2-space-programme-says-commissioner\" rel=\"external noopener nofollow\" target=\"_blank\">erkl\u00e4rte Kubilius gegen\u00fcber Euractiv<\/a>. Der Litauer hob hervor, dass Gro\u00dfbritannien eine starke Raumfahrtgeschichte habe und die Ukraine als wichtiger Raumfahrtstandort w\u00e4hrend der Sowjetzeit gro\u00dfes Potenzial besitze. Das Land in Osteuropa ist derzeit stark auf Starlink angewiesen, um seine milit\u00e4rischen Operationen gegen die russischen Invasionstruppen durchzuf\u00fchren. IRIS2 stecke allerdings noch in den Kinderschuhen und d\u00fcrfte nicht vor 2030 im gr\u00f6\u00dferen Stil einsatzbereit sein. Im M\u00e4rz bot sich daher der franz\u00f6sisch-britische Betreiber <a href=\"https:\/\/www.heise.de\/news\/Eutelsat-bietet-sich-als-Ersatz-fuer-Starlink-in-der-Ukraine-an-10309279.html\" rel=\"nofollow noopener\" target=\"_blank\">Eutelsat als Ersatz f\u00fcr Starlink in der Ukraine an<\/a>. Er w\u00fcrde daf\u00fcr aber finanzielle und logistische Unterst\u00fctzung ben\u00f6tigen.<\/p>\n<p>Norwegen f\u00fchrt dem Bericht zufolge bereits Gespr\u00e4che mit der EU \u00fcber einen Beitritt zu IRIS2. Island, das wie das skandinavische Land Teil des Europ\u00e4ischen Wirtschaftsraums (EWR) ist, soll seine Sondierungen \u00fcber eine Teilnahme an IRIS2 k\u00fcrzlich sogar schon abgeschlossen haben. Die Ukraine und das Vereinigte K\u00f6nigreich haben bisher keine offiziellen Verhandlungen \u00fcber einen Einstieg mit der Kommission aufgenommen.<\/p>\n<p>Neue EU-Regeln f\u00fcr Satellitendienste in der Mache<\/p>\n<p>Es gibt wachsende Bedenken, dass Starlink den Markt f\u00fcr Satellitenkommunikation beherrschen k\u00f6nnte. Hier sehen Beobachter eine Chance f\u00fcr IRIS2: Das Netzwerk soll voraussichtlich 10,6 Milliarden Euro kosten und aus rund 290 Satelliten bestehen. Aus der deutschen Industrie werden aber immer wieder Bedenken laut, dass Frankreich <a href=\"https:\/\/www.heise.de\/news\/Offizieller-Startschuss-fuer-EU-Satellitenprogramm-IRIS2-10201194.html\" rel=\"nofollow noopener\" target=\"_blank\">angesichts der Betreiberkonstellation<\/a> bei IRIS2 zu dominant werden k\u00f6nnte. Ex-Bundeswirtschaftsminister Robert Habeck (Gr\u00fcne) <a href=\"https:\/\/www.heise.de\/news\/Starlink-Alternative-Bruessel-weist-Habeck-Kritik-an-EU-Satellitenprojekt-zurueck-9706160.html\" rel=\"nofollow noopener\" target=\"_blank\">soll daher schon fr\u00fchzeitig einen Neustart der Initiative gefordert haben<\/a>.<\/p>\n<p>Die EU-Kommission legte j\u00fcngst <a href=\"https:\/\/ec.europa.eu\/commission\/presscorner\/detail\/en\/ip_25_1583\" rel=\"external noopener nofollow\" target=\"_blank\">einen Entwurf f\u00fcr ein Weltraumgesetz<\/a> vor. Diese Initiative d\u00fcrfte dazu f\u00fchren, dass Unternehmen wie der Starlink-Betreiber SpaceX ihre Satellitendienste nicht mehr so einfach EU-Verbrauchern anbieten k\u00f6nnen. Sie m\u00fcssten etwa einen rechtlichen Repr\u00e4sentanten in einem Mitgliedsstaat benennen. Kubilius hat nach eigenen Angaben aber bisher keine negativen Reaktionen zu diesem Vorhaben zu Ohren bekommen, auch nicht von US-amerikanischer Seite.<\/p>\n<p>(<a class=\"redakteurskuerzel__link\" href=\"https:\/\/www.heise.de\/news\/mailto:mack@heise.de\" title=\"Marie-Claire Koch\" rel=\"nofollow noopener\" target=\"_blank\">mack<\/a>)<\/p>\n<p>\n      Dieser Link ist leider nicht mehr g\u00fcltig.\n    <\/p>\n<p>Links zu verschenkten Artikeln werden ung\u00fcltig,<br \/>\n      wenn diese \u00e4lter als 7\u00a0Tage sind oder zu oft aufgerufen wurden.\n    <\/p>\n<p><strong>Sie ben\u00f6tigen ein heise+ Paket, um diesen Artikel zu lesen. Jetzt eine Woche unverbindlich testen \u2013 ohne Verpflichtung!<\/strong><\/p>\n","protected":false},"excerpt":{"rendered":"close notice This article is also available in English. It was translated with technical assistance and editorially reviewed&hellip;\n","protected":false},"author":2,"featured_media":300789,"comment_status":"","ping_status":"","sticky":false,"template":"","format":"standard","meta":{"footnotes":""},"categories":[3976],"tags":[331,332,548,13,13665,57972,35883,14,30335,15,12,3992,3993,3994,3995,3996,3997,193],"class_list":{"0":"post-300788","1":"post","2":"type-post","3":"status-publish","4":"format-standard","5":"has-post-thumbnail","7":"category-vereinigtes-koenigreich","8":"tag-aktuelle-nachrichten","9":"tag-aktuelle-news","10":"tag-eu","11":"tag-headlines","12":"tag-internetzugang","13":"tag-iris2","14":"tag-kritis","15":"tag-nachrichten","16":"tag-netze","17":"tag-news","18":"tag-schlagzeilen","19":"tag-uk","20":"tag-united-kingdom","21":"tag-united-kingdom-of-great-britain-and-northern-ireland","22":"tag-vereinigtes-koenigreich","23":"tag-vereinigtes-koenigreich-grossbritannien-und-nordirland","24":"tag-vereinigtes-koenigreich-von-grossbritannien-und-nordirland","25":"tag-wissenschaft"},"share_on_mastodon":{"url":"https:\/\/pubeurope.com\/@de\/114931622831865881","error":""},"_links":{"self":[{"href":"https:\/\/www.europesays.com\/de\/wp-json\/wp\/v2\/posts\/300788","targetHints":{"allow":["GET"]}}],"collection":[{"href":"https:\/\/www.europesays.com\/de\/wp-json\/wp\/v2\/posts"}],"about":[{"href":"https:\/\/www.europesays.com\/de\/wp-json\/wp\/v2\/types\/post"}],"author":[{"embeddable":true,"href":"https:\/\/www.europesays.com\/de\/wp-json\/wp\/v2\/users\/2"}],"replies":[{"embeddable":true,"href":"https:\/\/www.europesays.com\/de\/wp-json\/wp\/v2\/comments?post=300788"}],"version-history":[{"count":0,"href":"https:\/\/www.europesays.com\/de\/wp-json\/wp\/v2\/posts\/300788\/revisions"}],"wp:featuredmedia":[{"embeddable":true,"href":"https:\/\/www.europesays.com\/de\/wp-json\/wp\/v2\/media\/300789"}],"wp:attachment":[{"href":"https:\/\/www.europesays.com\/de\/wp-json\/wp\/v2\/media?parent=300788"}],"wp:term":[{"taxonomy":"category","embeddable":true,"href":"https:\/\/www.europesays.com\/de\/wp-json\/wp\/v2\/categories?post=300788"},{"taxonomy":"post_tag","embeddable":true,"href":"https:\/\/www.europesays.com\/de\/wp-json\/wp\/v2\/tags?post=300788"}],"curies":[{"name":"wp","href":"https:\/\/api.w.org\/{rel}","templated":true}]}}