{"id":300819,"date":"2025-07-28T15:57:17","date_gmt":"2025-07-28T15:57:17","guid":{"rendered":"https:\/\/www.europesays.com\/de\/300819\/"},"modified":"2025-07-28T15:57:17","modified_gmt":"2025-07-28T15:57:17","slug":"staatsschutz-ermittelt-nach-flaschenangriff-krankenhaus","status":"publish","type":"post","link":"https:\/\/www.europesays.com\/de\/300819\/","title":{"rendered":"Staatsschutz ermittelt nach Flaschenangriff \u2013 Krankenhaus"},"content":{"rendered":"<p>Staatsschutz ermittelt <\/p>\n<p>Mann schl\u00e4gt 18-J\u00e4hrigen mit Flasche krankenhausreif<\/p>\n<p>Aktualisiert am 28.07.2025 &#8211; 17:15 UhrLesedauer: 1 Min.<\/p>\n<p><a href=\"#focus-0\" class=\"transition-colors duration-200 focus-within:text-magenta block text-current relative\" data-sctrack=\"FocusGalleryImage.Reference\"><img fetchpriority=\"high\" data-testid=\"Opener.Image\" style=\"--lqipURL:url('https:\/\/images.t-online.de\/2023\/07\/aRAW-SWdVXRg\/0x209:4000x2250\/fit-in\/150x0\/filters:blur(25)\/scherben-einer-kaputten-bierflasche-symbolbild-in-der-koelner-innenstadt-sind-am-samstag-zwei-csd-besucher-angegriffen-worden.jpg')\"   loading=\"eager\" src=\"https:\/\/www.europesays.com\/de\/wp-content\/uploads\/2025\/07\/scherben-einer-kaputten-bierflasche-symbolbild-in-der-koelner-innenstadt-sind-am-samstag-zwei-csd-be.jpeg\" alt=\"Scherben einer kaputten Bierflasche (Symbolbild): In der K\u00f6lner Innenstadt sind am Samstag zwei CSD-Besucher angegriffen worden.\" title=\"Scherben einer kaputten Bierflasche (Symbolbild): In der K\u00f6lner Innenstadt sind am Samstag zwei CSD-Besucher angegriffen worden.\" width=\"4000\" height=\"2250\" class=\"bg-[url:var(--lqipURL)] bg-cover bg-center flex h-full w-full max-w-full\" decoding=\"async\"\/><img style=\"--width:32;--height:32\" loading=\"lazy\" src=\"https:\/\/www.t-online.de\/s\/paper\/_next\/static\/media\/zoom-in.f7dae02f.svg\" alt=\"Vergr\u00f6\u00dfern des Bildes\" title=\"Vergr\u00f6\u00dfern des Bildes\" class=\"block h-[calc(var(--height)_\/_16_*_1rem)] w-[calc(var(--width)_\/_16_*_1rem)] max-w-none absolute bottom-8 right-8 rounded-4 bg-snow p-8\" decoding=\"async\"\/><\/a><\/p>\n<p>Scherben einer kaputten Bierflasche (Symbolbild): Die Polizei sucht Zeugen, die die Tat beobachtet haben. (Quelle: Petra Schneider-Schmelzer via www.imago-images.de)<\/p>\n<p class=\"font-bold text-18 leading-17\">Ein junger Mann wurde in der Nacht zum Sonntag brutal attackiert und schwer verletzt. Die Polizei hat bereits einen Tatverd\u00e4chtigen gefasst \u2013 und ins Gef\u00e4ngnis gebracht.<\/p>\n<p class=\"text-18 leading-17\">Ein 18-J\u00e4hriger liegt nach einem Angriff im Krankenhaus. Der junge Mann sei in der Nacht zum Sonntag gegen 2:20 Uhr an der Reinickstra\u00dfe in Dresden-Johannstadt mit einer Flasche geschlagen worden. Die Polizei fasste den mutma\u00dflichen T\u00e4ter kurz darauf am Stresemannplatz.<\/p>\n<p class=\"text-18 leading-17\">Bei dem Festgenommenen handelt es sich um einen 40-J\u00e4hrigen. Gegen ihn h\u00e4tten bereits zwei Haftbefehle vorgelegen. Aus welchen Gr\u00fcnden diese erlassen wurden oder in welche Richtung sie gehen, teilte die Polizei auf Nachfrage nicht mit. Die Beamten brachten den Mann daher direkt in eine Justizvollzugsanstalt. Bei der Festnahme habe der Mann Widerstand geleistet, so die Polizei weiter. Die entsprechende Anzeige sei noch dazugekommen.<\/p>\n<p class=\"text-18 leading-17\">Die Polizei pr\u00fcft eine politische Motivation der Tat. Deshalb hat der Staatsschutz der Polizei <a class=\"transition-colors duration-200 cursor-pointer text-inherit no-underline text-salemsfur md:hover:text-magenta md:hover:border-magenta md:focus:text-magenta border-current border-b border-solid break-words\" href=\"https:\/\/www.t-online.de\/region\/dresden\/\" data-sctrack=\"BodyAnchor\" target=\"_blank\" rel=\"noopener\">Dresden<\/a> die weiteren Ermittlungen \u00fcbernommen. Laut einem Eintrag auf der linken Interplattform Indymedia sei das Opfer als Punker erkennbar gewesen.<\/p>\n<p class=\"text-18 leading-17\">Der Gewaltausbruch habe als Streit zwischen mehreren M\u00e4nnern an der Reinickstra\u00dfe begonnen. Wie genau es zur Eskalation kam, m\u00fcssten die Ermittler aber noch kl\u00e4ren. Die Dresdner Polizei bittet daher um Mithilfe. Wer hat die Tat beobachtet oder kann Angaben zu den Hintergr\u00fcnden machen? Hinweise nimmt die Polizeidirektion Dresden unter der Telefonnummer (0351) 483 22 33 entgegen.<\/p>\n","protected":false},"excerpt":{"rendered":"Staatsschutz ermittelt Mann schl\u00e4gt 18-J\u00e4hrigen mit Flasche krankenhausreif Aktualisiert am 28.07.2025 &#8211; 17:15 UhrLesedauer: 1 Min. Scherben einer&hellip;\n","protected":false},"author":2,"featured_media":300820,"comment_status":"","ping_status":"","sticky":false,"template":"","format":"standard","meta":{"footnotes":""},"categories":[1835],"tags":[3364,29,2386,30,49292,121,859,3447],"class_list":{"0":"post-300819","1":"post","2":"type-post","3":"status-publish","4":"format-standard","5":"has-post-thumbnail","7":"category-dresden","8":"tag-de","9":"tag-deutschland","10":"tag-dresden","11":"tag-germany","12":"tag-johannstadt","13":"tag-polizei","14":"tag-sachsen","15":"tag-staatsschutz"},"share_on_mastodon":{"url":"https:\/\/pubeurope.com\/@de\/114931685715847244","error":""},"_links":{"self":[{"href":"https:\/\/www.europesays.com\/de\/wp-json\/wp\/v2\/posts\/300819","targetHints":{"allow":["GET"]}}],"collection":[{"href":"https:\/\/www.europesays.com\/de\/wp-json\/wp\/v2\/posts"}],"about":[{"href":"https:\/\/www.europesays.com\/de\/wp-json\/wp\/v2\/types\/post"}],"author":[{"embeddable":true,"href":"https:\/\/www.europesays.com\/de\/wp-json\/wp\/v2\/users\/2"}],"replies":[{"embeddable":true,"href":"https:\/\/www.europesays.com\/de\/wp-json\/wp\/v2\/comments?post=300819"}],"version-history":[{"count":0,"href":"https:\/\/www.europesays.com\/de\/wp-json\/wp\/v2\/posts\/300819\/revisions"}],"wp:featuredmedia":[{"embeddable":true,"href":"https:\/\/www.europesays.com\/de\/wp-json\/wp\/v2\/media\/300820"}],"wp:attachment":[{"href":"https:\/\/www.europesays.com\/de\/wp-json\/wp\/v2\/media?parent=300819"}],"wp:term":[{"taxonomy":"category","embeddable":true,"href":"https:\/\/www.europesays.com\/de\/wp-json\/wp\/v2\/categories?post=300819"},{"taxonomy":"post_tag","embeddable":true,"href":"https:\/\/www.europesays.com\/de\/wp-json\/wp\/v2\/tags?post=300819"}],"curies":[{"name":"wp","href":"https:\/\/api.w.org\/{rel}","templated":true}]}}