{"id":300870,"date":"2025-07-28T16:24:16","date_gmt":"2025-07-28T16:24:16","guid":{"rendered":"https:\/\/www.europesays.com\/de\/300870\/"},"modified":"2025-07-28T16:24:16","modified_gmt":"2025-07-28T16:24:16","slug":"julian-mcmahon-waere-57-geworden-tochter-madison-bricht-ihr-schweigen","status":"publish","type":"post","link":"https:\/\/www.europesays.com\/de\/300870\/","title":{"rendered":"Julian McMahon w\u00e4re 57 geworden: Tochter Madison bricht ihr Schweigen"},"content":{"rendered":"<p>Julian McMahon (\u2020)<br \/>\nTochter Madison bricht an seinem Geburtstag ihr Schweigen<\/p>\n<p><img class=\"image image-element__image\"   src=\"https:\/\/www.europesays.com\/de\/wp-content\/uploads\/2025\/07\/julian-mcmahon.jpg\" alt=\"Julian McMahon bei einem seiner letzten Red-Carpet-Auftritte am 10. M\u00e4rz 2025.\" decoding=\"async\" fetchpriority=\"high\" loading=\"eager\"\/><br \/>\n<a href=\"https:\/\/image.gala.de\/24425938\/t\/kI\/v2\/w2048\/r1.5\/-\/julian-mcmahon.jpg#Marcus%20Ingram%20%2F%20Getty%20Images\" class=\"image__magnifier\" aria-label=\"Vergr\u00f6\u00dfern\" rel=\"nofollow noopener\" target=\"_blank\"><\/p>\n<p>\n Julian McMahon bei einem seiner letzten Red-Carpet-Auftritte am 10. M\u00e4rz 2025. <\/p>\n<p>\u00a9 Marcus Ingram \/ Getty Images<\/p>\n<p>\nZum 57. Geburtstag ihres verstorbenen Vaters Julian McMahon ver\u00f6ffentlicht seine Tochter Madison emotionale Zeilen auf Instagram. Es ist das erste Mal, dass sie sich zum Tod ihres ber\u00fchmten Vaters \u00e4u\u00dfert.\n<\/p>\n<p class=\"text-element u-richtext u-typo u-typo--article-text article__text-element text-element--context-article\"> Ein Bild, das tief ber\u00fchrt: Madison Elizabeth McMahon, 25, richtet bewegende Worte an ihren verstorbenen Vater <a class=\"\" data-target-type=\"article\" href=\"https:\/\/www.gala.de\/stars\/themen\/julian-mcmahon-20953430.html\" target=\"_self\" rel=\"nofollow noopener\">Julian McMahon<\/a>, \u202056. Der Schauspieler h\u00e4tte am Sonntag seinen 57. Geburtstag gefeiert.<\/p>\n<p>Julian McMahons Tochter werde ihren Vater f\u00fcr immer vermissen<\/p>\n<p class=\"text-element u-richtext u-typo u-typo--article-text article__text-element text-element--context-article\"> Die 25-J\u00e4hrige postete in einer Instagram-Story ein Foto, das sie und ihren Vater in einer innigen Umarmung zeigt, und schreibt dar\u00fcber Worte voller Liebe und Schmerz.<\/p>\n<p class=\"text-element u-richtext u-typo u-typo--article-text article__text-element text-element--context-article\"> &#8222;Dad. Alles Gute zum Geburtstag. Es wird niemals genug Worte geben, um zu beschreiben, wie sehr ich dich vermisse&#8220;, beginnt Madison ihren Post. &#8222;Und irgendwie noch weniger, die meine tiefe Liebe zu dir einfangen k\u00f6nnen. Ich wei\u00df nur, dass ich dich immer vermissen und lieben werde.&#8220; Untermalt wird der Beitrag von Ray Stevens&#8216; Version des Klassikers &#8222;For He&#8217;s a Jolly Good Fellow&#8220; aus dem Jahr 1968.<\/p>\n<p><img class=\"image image-element__image\"   src=\"https:\/\/www.europesays.com\/de\/wp-content\/uploads\/2025\/07\/julian-mcmahon-tochter.jpg\" alt=\"Julian McMahon (\u2020): Tochter Madison bricht an seinem Geburtstag ihr Schweigen\" decoding=\"async\" fetchpriority=\"auto\" loading=\"lazy\"\/><br \/>\n<a href=\"https:\/\/image.gala.de\/24425900\/t\/xu\/v2\/w2048\/r0\/-\/julian-mcmahon-tochter.jpg#instagram.com%2Fmadison.em\" class=\"image__magnifier\" aria-label=\"Vergr\u00f6\u00dfern\" rel=\"nofollow noopener\" target=\"_blank\"><\/p>\n<p>\u00a9 instagram.com\/madison.em<\/p>\n<p>Der Schauspielstar starb infolge einer Krebserkrankung<\/p>\n<p class=\"text-element u-richtext u-typo u-typo--article-text article__text-element text-element--context-article\"> Julian McMahon, bekannt aus Serien wie &#8222;Nip\/Tuck&#8220; und &#8222;Charmed&#8220;, war Anfang Juli im Alter von 56 Jahren einem Krebsleiden erlegen. Er sei &#8222;friedlich&#8220; eingeschlafen, teilte seine Frau <a class=\"\" data-target-type=\"article\" href=\"https:\/\/www.gala.de\/stars\/news\/themen\/kelly-paniagua-24412496.html\" target=\"_self\" rel=\"nofollow noopener\">Kelly Paniagua<\/a> in einem Statement mit.<\/p>\n<p class=\"text-element u-richtext u-typo u-typo--article-text article__text-element text-element--context-article\"> Er habe &#8222;tapfer versucht&#8220;, seine Krankheit zu besiegen. &#8222;Julian liebte das Leben. Er liebte seine Familie. Er liebte seine Freunde. Er liebte seine Arbeit und er liebte seine Fans. Sein gr\u00f6\u00dfter Wunsch war es, so vielen Menschen wie m\u00f6glich Freude zu bereiten.&#8220;<\/p>\n<p><img class=\"image teaser__image\"   src=\"https:\/\/www.europesays.com\/de\/wp-content\/uploads\/2025\/07\/1753719856_488_julian-mcmahon.jpg\" alt=\"Julian McMahon: Todesursache des Schauspielers bekannt\" decoding=\"async\" fetchpriority=\"auto\" loading=\"lazy\"\/><\/p>\n<p><a href=\"https:\/\/www.gala.de\/stars\/news\/julian-mcmahon--todesursache-des-schauspielers-bekannt-24415890.html\" class=\"teaser__link js-embedded-teaser teaser__link--overlay\" rel=\"nofollow noopener\" target=\"_blank\"><br \/>\nJulian McMahon (\u2020)<br \/>\nTodesursache des Schauspielers bekannt<br \/>\n<\/a> <\/p>\n<p>McMahons bekanntesten Rollen<\/p>\n<p class=\"text-element u-richtext u-typo u-typo--article-text article__text-element text-element--context-article\"> Julian McMahon, der in Sydney geboren wurde und dessen Vater William McMahon australischer Premierminister war, machte sich in Hollywood mit mehreren Rollen einen Namen. Er spielte etwa von 2003 bis 2010 Dr. Christian Troy in der Serie &#8222;Nip\/Tuck&#8220;. In &#8222;Charmed &#8211; Zauberhafte Hexen&#8220; verk\u00f6rperte er von 2000 bis 2005 die Rolle des Cole Turner, den Schwarm von Alyssa Milanos, 52, Figur Phoebe. In den Superheldenfilmen &#8222;Fantastic Four&#8220; (2005) und &#8222;Fantastic Four: Rise of the Silver Surfer&#8220; (2007) war er als B\u00f6sewicht Victor von Doom zu sehen. Seine letzte Fernsehrolle spielte er in der Netflix-Serie &#8222;The Residence&#8220;, die k\u00fcrzlich nach nur einer Staffel abgesetzt wurde.<\/p>\n<p>Julian war mit Dannii Minogue und Brooke Burns liiert<\/p>\n<p class=\"text-element u-richtext u-typo u-typo--article-text article__text-element text-element--context-article\"> 2014 heiratete er seine dritte Ehefrau Kelly Paniagua. Zuvor war er von 1994 bis 1995 mit <a class=\"link--person\" data-target-type=\"article\" href=\"https:\/\/www.gala.de\/stars\/starportraets\/kylie-minogue-20516048.html\" rel=\"nofollow noopener\" target=\"_blank\">Kylie Minogues<\/a> Schwester <a class=\"\" data-target-type=\"article\" href=\"https:\/\/www.gala.de\/stars\/themen\/dannii-minogue-20964582.html\" target=\"_self\" rel=\"nofollow noopener\">Dannii Minogue<\/a>, 53, und von 1999 bis 2001 mit der &#8222;Baywatch&#8220;-Schauspielerin <a class=\"\" data-target-type=\"article\" href=\"https:\/\/www.gala.de\/stars\/starportraets\/themen\/brooke-burns-21026504.html\" target=\"_self\" rel=\"nofollow noopener\">Brooke Burns<\/a>, 47, verheiratet. Mit ihr bekam er Tochter Madison Elizabeth McMahon, 25.<\/p>\n<p class=\"text-element u-richtext u-typo u-typo--article-text article__text-element text-element--context-article\"> Verwendete Quelle: instagram.com<\/p>\n<p>\nSpotOnNews\n<\/p>\n<p>#Themen<\/p>\n<p><script async src=\"\/\/www.instagram.com\/embed.js\"><\/script><\/p>\n","protected":false},"excerpt":{"rendered":"Julian McMahon (\u2020) Tochter Madison bricht an seinem Geburtstag ihr Schweigen Julian McMahon bei einem seiner letzten Red-Carpet-Auftritte&hellip;\n","protected":false},"author":2,"featured_media":300871,"comment_status":"","ping_status":"","sticky":false,"template":"","format":"standard","meta":{"footnotes":""},"categories":[1776],"tags":[1801,29,214,30,1802,215],"class_list":{"0":"post-300870","1":"post","2":"type-post","3":"status-publish","4":"format-standard","5":"has-post-thumbnail","7":"category-prominente","8":"tag-celebrities","9":"tag-deutschland","10":"tag-entertainment","11":"tag-germany","12":"tag-prominente","13":"tag-unterhaltung"},"share_on_mastodon":{"url":"https:\/\/pubeurope.com\/@de\/114931791684556239","error":""},"_links":{"self":[{"href":"https:\/\/www.europesays.com\/de\/wp-json\/wp\/v2\/posts\/300870","targetHints":{"allow":["GET"]}}],"collection":[{"href":"https:\/\/www.europesays.com\/de\/wp-json\/wp\/v2\/posts"}],"about":[{"href":"https:\/\/www.europesays.com\/de\/wp-json\/wp\/v2\/types\/post"}],"author":[{"embeddable":true,"href":"https:\/\/www.europesays.com\/de\/wp-json\/wp\/v2\/users\/2"}],"replies":[{"embeddable":true,"href":"https:\/\/www.europesays.com\/de\/wp-json\/wp\/v2\/comments?post=300870"}],"version-history":[{"count":0,"href":"https:\/\/www.europesays.com\/de\/wp-json\/wp\/v2\/posts\/300870\/revisions"}],"wp:featuredmedia":[{"embeddable":true,"href":"https:\/\/www.europesays.com\/de\/wp-json\/wp\/v2\/media\/300871"}],"wp:attachment":[{"href":"https:\/\/www.europesays.com\/de\/wp-json\/wp\/v2\/media?parent=300870"}],"wp:term":[{"taxonomy":"category","embeddable":true,"href":"https:\/\/www.europesays.com\/de\/wp-json\/wp\/v2\/categories?post=300870"},{"taxonomy":"post_tag","embeddable":true,"href":"https:\/\/www.europesays.com\/de\/wp-json\/wp\/v2\/tags?post=300870"}],"curies":[{"name":"wp","href":"https:\/\/api.w.org\/{rel}","templated":true}]}}