{"id":300872,"date":"2025-07-28T16:27:11","date_gmt":"2025-07-28T16:27:11","guid":{"rendered":"https:\/\/www.europesays.com\/de\/300872\/"},"modified":"2025-07-28T16:27:11","modified_gmt":"2025-07-28T16:27:11","slug":"raetsel-in-hamburg-schuesse-auf-buchgrosshaendler-libri","status":"publish","type":"post","link":"https:\/\/www.europesays.com\/de\/300872\/","title":{"rendered":"R\u00e4tsel in Hamburg: Sch\u00fcsse auf Buchgro\u00dfh\u00e4ndler Libri"},"content":{"rendered":"<p class=\"richtext text-em-55 !leading-serif mx-6 desktop:mx-0\">Ein Mitarbeiter des Unternehmens habe sich kurz vor 7 Uhr bei der <a href=\"https:\/\/rp-online.de\/thema\/polizei\/\" rel=\"nofollow noopener\" target=\"_blank\">Polizei<\/a> gemeldet und die Einschussl\u00f6cher gemeldet, sagte ein Polizeisprecher der Deutschen Presse-Agentur in <a href=\"https:\/\/rp-online.de\/thema\/hamburg\/\" rel=\"nofollow noopener\" target=\"_blank\">Hamburg<\/a>.<\/p>\n<p class=\"richtext text-em-55 !leading-serif mx-6 desktop:mx-0\">Es geht demnach um ein Geb\u00e4ude des Buchgro\u00dfh\u00e4ndlers Libri, der als Logistikunternehmen Verlage, den station\u00e4ren Buchhandel und den Onlinehandel miteinander verbindet.<\/p>\n<p class=\"richtext text-em-55 !leading-serif mx-6 desktop:mx-0\">Rund um die etwa zehn Einschussl\u00f6cher habe eine einstellige Zahl von Patronenh\u00fclsen gelegen. \u201eAu\u00dferdem lagen dort noch zwei nicht abgefeuerte Patronen.\u201c Eine politische Motivation sei im Moment nicht erkennbar. \u201eEs gibt kein Bekennerschreiben oder \u00c4hnliches.\u201c Es sei auch niemand verletzt worden. Zuvor hatten mehrere Medien berichtet.<\/p>\n<p class=\"richtext text-em-55 !leading-serif mx-6 desktop:mx-0\">Wann der oder die T\u00e4ter auf das Geb\u00e4ude schossen, war zun\u00e4chst unklar. \u201eWir k\u00f6nnen den Tatzeitraum noch nicht richtig eingrenzen. Wann das letzte Mal alles in Ordnung gewesen ist, wissen wir noch nicht.\u201c Ob der Platz vor dem Geb\u00e4ude video\u00fcberwacht ist, konnte der Sprecher zun\u00e4chst nicht sagen. Das Landeskriminalamt Hamburg-Altona hat die Ermittlungen \u00fcbernommen.<\/p>\n<p>Unternehmen: \u201eWir sind erschrocken \u00fcber den Vorfall\u201c      <\/p>\n<p class=\"richtext text-em-55 !leading-serif mx-6 desktop:mx-0\">Das Unternehmen best\u00e4tigte, dass eine unbekannte Zahl an Sch\u00fcssen auf das Geb\u00e4ude abgegeben worden sei. Die Einschussl\u00f6cher seien am Morgen festgestellt worden, teilte Libri mit. \u201eWir sind erschrocken \u00fcber den Vorfall.\u201c Das Unternehmen habe \u201evolles Vertrauen in die Ermittlungsarbeit der Polizei\u201c. 200 Mitarbeiter seien an dem Standort t\u00e4tig.<\/p>\n","protected":false},"excerpt":{"rendered":"Ein Mitarbeiter des Unternehmens habe sich kurz vor 7 Uhr bei der Polizei gemeldet und die Einschussl\u00f6cher gemeldet,&hellip;\n","protected":false},"author":2,"featured_media":300873,"comment_status":"","ping_status":"","sticky":false,"template":"","format":"standard","meta":{"footnotes":""},"categories":[1774],"tags":[1784,1785,29,87484,214,87485,10019,87483,30,692,49916,5089,5530,215,14733],"class_list":{"0":"post-300872","1":"post","2":"type-post","3":"status-publish","4":"format-standard","5":"has-post-thumbnail","7":"category-buecher","8":"tag-books","9":"tag-buecher","10":"tag-deutschland","11":"tag-einschussloecher","12":"tag-entertainment","13":"tag-erschrocken","14":"tag-gebaeude","15":"tag-gemeldet","16":"tag-germany","17":"tag-hamburg","18":"tag-libri","19":"tag-taeter","20":"tag-unbekannte","21":"tag-unterhaltung","22":"tag-vorfall"},"share_on_mastodon":{"url":"https:\/\/pubeurope.com\/@de\/114931803468450922","error":""},"_links":{"self":[{"href":"https:\/\/www.europesays.com\/de\/wp-json\/wp\/v2\/posts\/300872","targetHints":{"allow":["GET"]}}],"collection":[{"href":"https:\/\/www.europesays.com\/de\/wp-json\/wp\/v2\/posts"}],"about":[{"href":"https:\/\/www.europesays.com\/de\/wp-json\/wp\/v2\/types\/post"}],"author":[{"embeddable":true,"href":"https:\/\/www.europesays.com\/de\/wp-json\/wp\/v2\/users\/2"}],"replies":[{"embeddable":true,"href":"https:\/\/www.europesays.com\/de\/wp-json\/wp\/v2\/comments?post=300872"}],"version-history":[{"count":0,"href":"https:\/\/www.europesays.com\/de\/wp-json\/wp\/v2\/posts\/300872\/revisions"}],"wp:featuredmedia":[{"embeddable":true,"href":"https:\/\/www.europesays.com\/de\/wp-json\/wp\/v2\/media\/300873"}],"wp:attachment":[{"href":"https:\/\/www.europesays.com\/de\/wp-json\/wp\/v2\/media?parent=300872"}],"wp:term":[{"taxonomy":"category","embeddable":true,"href":"https:\/\/www.europesays.com\/de\/wp-json\/wp\/v2\/categories?post=300872"},{"taxonomy":"post_tag","embeddable":true,"href":"https:\/\/www.europesays.com\/de\/wp-json\/wp\/v2\/tags?post=300872"}],"curies":[{"name":"wp","href":"https:\/\/api.w.org\/{rel}","templated":true}]}}