{"id":300991,"date":"2025-07-28T17:29:12","date_gmt":"2025-07-28T17:29:12","guid":{"rendered":"https:\/\/www.europesays.com\/de\/300991\/"},"modified":"2025-07-28T17:29:12","modified_gmt":"2025-07-28T17:29:12","slug":"bandenkriminalitaet-stuttgart-neue-ueberraschung-im-prozess-um-schuesse-auf-bandenchef","status":"publish","type":"post","link":"https:\/\/www.europesays.com\/de\/300991\/","title":{"rendered":"Bandenkriminalit\u00e4t Stuttgart: Neue \u00dcberraschung im Prozess um Sch\u00fcsse auf Bandenchef"},"content":{"rendered":"<p>\t\t\t\t\t\t\t\t\t\t\t\t\t\t\t\t\t\t\t\t\t\t\t\t\t\t\t\t      \t\t            \t\t             \t\t\t\t   \t\t\t\t\t   <img decoding=\"async\" id=\"article-image\" fetchpriority=\"high\" alt=\"Bandenkriminalit\u00e4t Stuttgart: Neue \u00dcberraschung im Prozess um Sch\u00fcsse auf Bandenchef\" title=\"Bandenkriminalit\u00e4t Stuttgart: Neue \u00dcberraschung im Prozess um Sch\u00fcsse auf Bandenchef\" src=\"https:\/\/www.europesays.com\/de\/wp-content\/uploads\/2025\/07\/media.media.674c4e4b-fc9e-492d-b28d-7e030dfd72d0.16x9_700.jpg\" data-linkto=\"https:\/\/www.stuttgarter-nachrichten.de\/javascript:void(0);\"\/>\t\t\t\t\t\t\t\t\t\t\t\t\t\t\t\t\t\t\t\t\t\t\t\tMit der MP auf Posten: Die Schie\u00dferei am 17. M\u00e4rz 2023 in Zuffenhausen l\u00f6ste bei der Polizei Gro\u00dfalarm aus.\u00a0Foto: SDMG\/Sven Kohls\t\t\t<\/p>\n<p>F\u00fcr das Attentat auf einen Bandenchef in Zuffenhausen 2023 hat das Landgericht das Urteil vertagt \u2013 und f\u00fcr einen Angeklagten ein Geburtstagspr\u00e4sent.<\/p>\n<p>Kein Happy Birthday, kein Geburtstagsst\u00e4ndchen \u2013 und doch hat die 14. Jugendstrafkammer des <a href=\"https:\/\/www.stuttgarter-nachrichten.de\/inhalt.prozess-um-gewalt-in-der-region-stuttgart-schuesse-opfer-sagt-sich-los-von-zuffenhausen-clique.eabaec8e-022a-45e1-bd20-0e4b8b598e52.html\" target=\"_blank\" rel=\"noopener\">Landgerichts<\/a> am Montag ein Pr\u00e4sent parat. Zum 22. Geburtstag bekommt einer der drei Angeklagten einen \u00fcberraschenden Bonus f\u00fcr das bewaffnete <a href=\"https:\/\/www.stuttgarter-nachrichten.de\/thema\/Attentat\" title=\"Attentat\" class=\"art_thema\" target=\"_blank\" rel=\"noopener\">Attentat<\/a> in Zuffenhausen im M\u00e4rz 2023 pr\u00e4sentiert. Obwohl die Pl\u00e4doyers gehalten sind, gibt die Kammer einen rechtlichen Hinweis, die das Mitglied einer der beiden Sch\u00fcsse-Cliquen vom Vorwurf des versuchten Mordes bewahren w\u00fcrde. Er sei zwar dabei gewesen, als auf den verfeindeten Bandenchef in Zuffenhausen geschossen wurde \u2013 aber ohne nachweisbare T\u00f6tungsabsicht. Nur der \u00c4lteste im Trio habe gezielt gefeuert. Und damit geht der Prozess in die n\u00e4chste Verl\u00e4ngerung.<\/p>\n","protected":false},"excerpt":{"rendered":"Mit der MP auf Posten: Die Schie\u00dferei am 17. M\u00e4rz 2023 in Zuffenhausen l\u00f6ste bei der Polizei Gro\u00dfalarm&hellip;\n","protected":false},"author":2,"featured_media":300992,"comment_status":"","ping_status":"","sticky":false,"template":"","format":"standard","meta":{"footnotes":""},"categories":[1830],"tags":[32950,10174,1634,51828,3364,29,30,1000,10536,33621,1441,17977],"class_list":{"0":"post-300991","1":"post","2":"type-post","3":"status-publish","4":"format-standard","5":"has-post-thumbnail","7":"category-stuttgart","8":"tag-altbach","9":"tag-attentat","10":"tag-baden-wuerttemberg","11":"tag-bandenkriminalitaet","12":"tag-de","13":"tag-deutschland","14":"tag-germany","15":"tag-gewalt","16":"tag-landgericht-stuttgart","17":"tag-schuesse-serie","18":"tag-stuttgart","19":"tag-zuffenhausen"},"share_on_mastodon":{"url":"https:\/\/pubeurope.com\/@de\/114932047178028164","error":""},"_links":{"self":[{"href":"https:\/\/www.europesays.com\/de\/wp-json\/wp\/v2\/posts\/300991","targetHints":{"allow":["GET"]}}],"collection":[{"href":"https:\/\/www.europesays.com\/de\/wp-json\/wp\/v2\/posts"}],"about":[{"href":"https:\/\/www.europesays.com\/de\/wp-json\/wp\/v2\/types\/post"}],"author":[{"embeddable":true,"href":"https:\/\/www.europesays.com\/de\/wp-json\/wp\/v2\/users\/2"}],"replies":[{"embeddable":true,"href":"https:\/\/www.europesays.com\/de\/wp-json\/wp\/v2\/comments?post=300991"}],"version-history":[{"count":0,"href":"https:\/\/www.europesays.com\/de\/wp-json\/wp\/v2\/posts\/300991\/revisions"}],"wp:featuredmedia":[{"embeddable":true,"href":"https:\/\/www.europesays.com\/de\/wp-json\/wp\/v2\/media\/300992"}],"wp:attachment":[{"href":"https:\/\/www.europesays.com\/de\/wp-json\/wp\/v2\/media?parent=300991"}],"wp:term":[{"taxonomy":"category","embeddable":true,"href":"https:\/\/www.europesays.com\/de\/wp-json\/wp\/v2\/categories?post=300991"},{"taxonomy":"post_tag","embeddable":true,"href":"https:\/\/www.europesays.com\/de\/wp-json\/wp\/v2\/tags?post=300991"}],"curies":[{"name":"wp","href":"https:\/\/api.w.org\/{rel}","templated":true}]}}