{"id":301091,"date":"2025-07-28T18:23:09","date_gmt":"2025-07-28T18:23:09","guid":{"rendered":"https:\/\/www.europesays.com\/de\/301091\/"},"modified":"2025-07-28T18:23:09","modified_gmt":"2025-07-28T18:23:09","slug":"vier-tote-bei-brand-in-gruppenunterkunft-in-frankreich","status":"publish","type":"post","link":"https:\/\/www.europesays.com\/de\/301091\/","title":{"rendered":"Vier Tote bei Brand in Gruppenunterkunft in Frankreich"},"content":{"rendered":"<p>      Vier Tote bei Brand in Gruppenunterkunft in Frankreich<\/p>\n<p>            Kopiere den aktuellen Link<\/p>\n<p>          Zur Merkliste hinzuf\u00fcgen<\/p>\n<p>Bei einem Brand in einer Gruppenunterkunft im S\u00fcdwesten Frankreichs sind mindestens vier Menschen ums Leben gekommen. Ein weiterer Mensch befinde sich m\u00f6glicherweise unter den Tr\u00fcmmern, teilten die Beh\u00f6rden am Montag mit. Zu den Opfern z\u00e4hlten die Besitzerin des frei stehenden Bauernhauses sowie drei geistig behinderte Erwachsene, die an einer Freizeit teilnahmen. Die Ursache des Feuers war zun\u00e4chst nicht bekannt.\u00a0<\/p>\n<p class=\"typo-body-default is-initial\">Die Besitzerin der Unterkunft sei ums Leben gekommen, als sie versucht habe, die Bewohner zu retten, sagte die f\u00fcr Menschen mit Behinderungen zust\u00e4ndige Ministerin Charlotte Parmentier-Lecocq, die den Ung\u00fccksort Montmoreau n\u00f6rdlich von Bordeaux am Montag besuchte.\u00a0<\/p>\n<p class=\"typo-body-default\">Die <a class=\"taxonomy-entity organization\" data-target-type=\"article\" href=\"https:\/\/www.stern.de\/panorama\/verbrechen\/themen\/staatsanwaltschaft-4125016.html\" rel=\"nofollow noopener\" target=\"_blank\">Staatsanwaltschaft<\/a> nahm Ermittlungen wegen fahrl\u00e4ssiger T\u00f6tung und Verletzung auf. Die Leichen sollen obduziert werden.\u00a0<\/p>\n<p class=\"typo-body-default\">In der Unterkunft hielten sich acht Menschen mit geistiger Behinderung zwischen 20 und 75 Jahren, vier Betreuer und die beiden Besitzer auf.\u00a0<\/p>\n<p class=\"typo-body-default\">Nach Angaben der Staatsanwaltschaft war die Unterkunft erst vor zwei Jahren gepr\u00fcft worden und hatte alle Brandschutzauflagen erf\u00fcllt. Das Feuer sei aber m\u00f6glicherweise in einem Nebengeb\u00e4ude ausgebrochen, das nicht gepr\u00fcft worden sei, sagte die Ministerin.\u00a0<\/p>\n<p class=\"typo-body-default\">Etwa 85 Feuerwehrleute waren an dem Einsatz beteiligt. Das Feuer war um 4.30 Uhr gemeldet worden und konnte erst am Vormittag gel\u00f6scht werden.\u00a0<\/p>\n<p class=\"typo-body-default\">Im August 2023 waren in einer Ferienunterkunft im Elsass zehn geistig behinderte Erwachsene und einer ihrer Betreuer ums Leben gekommen. Ermittlungen der Staatsanwaltschaft ergaben damals, dass das Haus in der Gemeinde Wintzenheim keine Genehmigung f\u00fcr eine touristische Nutzung hatte und auch nicht die erforderlichen Brandschutzvorschriften erf\u00fcllte.<\/p>\n<p>\n    AFP\n  <\/p>\n","protected":false},"excerpt":{"rendered":"Vier Tote bei Brand in Gruppenunterkunft in Frankreich Kopiere den aktuellen Link Zur Merkliste hinzuf\u00fcgen Bei einem Brand&hellip;\n","protected":false},"author":2,"featured_media":301092,"comment_status":"","ping_status":"","sticky":false,"template":"","format":"standard","meta":{"footnotes":""},"categories":[3974],"tags":[331,332,548,663,3934,3980,156,13,14,15,12],"class_list":{"0":"post-301091","1":"post","2":"type-post","3":"status-publish","4":"format-standard","5":"has-post-thumbnail","7":"category-frankreich","8":"tag-aktuelle-nachrichten","9":"tag-aktuelle-news","10":"tag-eu","11":"tag-europa","12":"tag-europe","13":"tag-france","14":"tag-frankreich","15":"tag-headlines","16":"tag-nachrichten","17":"tag-news","18":"tag-schlagzeilen"},"share_on_mastodon":{"url":"https:\/\/pubeurope.com\/@de\/114932259500437981","error":""},"_links":{"self":[{"href":"https:\/\/www.europesays.com\/de\/wp-json\/wp\/v2\/posts\/301091","targetHints":{"allow":["GET"]}}],"collection":[{"href":"https:\/\/www.europesays.com\/de\/wp-json\/wp\/v2\/posts"}],"about":[{"href":"https:\/\/www.europesays.com\/de\/wp-json\/wp\/v2\/types\/post"}],"author":[{"embeddable":true,"href":"https:\/\/www.europesays.com\/de\/wp-json\/wp\/v2\/users\/2"}],"replies":[{"embeddable":true,"href":"https:\/\/www.europesays.com\/de\/wp-json\/wp\/v2\/comments?post=301091"}],"version-history":[{"count":0,"href":"https:\/\/www.europesays.com\/de\/wp-json\/wp\/v2\/posts\/301091\/revisions"}],"wp:featuredmedia":[{"embeddable":true,"href":"https:\/\/www.europesays.com\/de\/wp-json\/wp\/v2\/media\/301092"}],"wp:attachment":[{"href":"https:\/\/www.europesays.com\/de\/wp-json\/wp\/v2\/media?parent=301091"}],"wp:term":[{"taxonomy":"category","embeddable":true,"href":"https:\/\/www.europesays.com\/de\/wp-json\/wp\/v2\/categories?post=301091"},{"taxonomy":"post_tag","embeddable":true,"href":"https:\/\/www.europesays.com\/de\/wp-json\/wp\/v2\/tags?post=301091"}],"curies":[{"name":"wp","href":"https:\/\/api.w.org\/{rel}","templated":true}]}}