{"id":301193,"date":"2025-07-28T19:24:29","date_gmt":"2025-07-28T19:24:29","guid":{"rendered":"https:\/\/www.europesays.com\/de\/301193\/"},"modified":"2025-07-28T19:24:29","modified_gmt":"2025-07-28T19:24:29","slug":"nutzungskonzept-nach-dem-erhalt-die-villa-buth-zwischen-vergangenheit-und-zukunft","status":"publish","type":"post","link":"https:\/\/www.europesays.com\/de\/301193\/","title":{"rendered":"Nutzungskonzept nach dem Erhalt? | Die Villa Buth zwischen Vergangenheit und Zukunft"},"content":{"rendered":"<p class=\"card__subtitle\"> Podcast-Serie von Sch\u00fclerinnen und Sch\u00fclern des Heilig-Geist-Gymnasiums W\u00fcrselen <\/p>\n<p>Die Villa Buth in J\u00fclich soll abgerissen werden. Unter der Herrschaft der Nationalsozialisten wurden dort Juden gefangen gehalten, bevor sie in Konzentrationslager deportiert wurden. Wegen ihrer geschichtlichen Bedeutung machen sich viele Menschen f\u00fcr den Erhalt der Villa stark &#8211; in J\u00fclich und dar\u00fcber hinaus. Immer wieder gibt es auch Pl\u00e4ne, die Villa Buth umzugestalten und nutzbar zu machen. Ein solches Nutzungskonzept pr\u00e4sentiert Kerem vom Heilig-Geist-Gymnasium in W\u00fcrselen.<\/p>\n","protected":false},"excerpt":{"rendered":"Podcast-Serie von Sch\u00fclerinnen und Sch\u00fclern des Heilig-Geist-Gymnasiums W\u00fcrselen Die Villa Buth in J\u00fclich soll abgerissen werden. Unter der&hellip;\n","protected":false},"author":2,"featured_media":301194,"comment_status":"","ping_status":"","sticky":false,"template":"","format":"standard","meta":{"footnotes":""},"categories":[1853],"tags":[1424,8546,3364,11351,29,43247,548,663,3934,30,13,2419,2015,14,57,15,1209,24564,4108,12,2130],"class_list":{"0":"post-301193","1":"post","2":"type-post","3":"status-publish","4":"format-standard","5":"has-post-thumbnail","7":"category-aachen","8":"tag-aachen","9":"tag-abriss","10":"tag-de","11":"tag-denkmal","12":"tag-deutschland","13":"tag-erhalt","14":"tag-eu","15":"tag-europa","16":"tag-europe","17":"tag-germany","18":"tag-headlines","19":"tag-judenverfolgung","20":"tag-konzept","21":"tag-nachrichten","22":"tag-nationalsozialismus","23":"tag-news","24":"tag-nordrhein-westfalen","25":"tag-nutzung","26":"tag-sanierung","27":"tag-schlagzeilen","28":"tag-villa"},"share_on_mastodon":{"url":"https:\/\/pubeurope.com\/@de\/114932499287372348","error":""},"_links":{"self":[{"href":"https:\/\/www.europesays.com\/de\/wp-json\/wp\/v2\/posts\/301193","targetHints":{"allow":["GET"]}}],"collection":[{"href":"https:\/\/www.europesays.com\/de\/wp-json\/wp\/v2\/posts"}],"about":[{"href":"https:\/\/www.europesays.com\/de\/wp-json\/wp\/v2\/types\/post"}],"author":[{"embeddable":true,"href":"https:\/\/www.europesays.com\/de\/wp-json\/wp\/v2\/users\/2"}],"replies":[{"embeddable":true,"href":"https:\/\/www.europesays.com\/de\/wp-json\/wp\/v2\/comments?post=301193"}],"version-history":[{"count":0,"href":"https:\/\/www.europesays.com\/de\/wp-json\/wp\/v2\/posts\/301193\/revisions"}],"wp:featuredmedia":[{"embeddable":true,"href":"https:\/\/www.europesays.com\/de\/wp-json\/wp\/v2\/media\/301194"}],"wp:attachment":[{"href":"https:\/\/www.europesays.com\/de\/wp-json\/wp\/v2\/media?parent=301193"}],"wp:term":[{"taxonomy":"category","embeddable":true,"href":"https:\/\/www.europesays.com\/de\/wp-json\/wp\/v2\/categories?post=301193"},{"taxonomy":"post_tag","embeddable":true,"href":"https:\/\/www.europesays.com\/de\/wp-json\/wp\/v2\/tags?post=301193"}],"curies":[{"name":"wp","href":"https:\/\/api.w.org\/{rel}","templated":true}]}}