{"id":301533,"date":"2025-07-28T22:31:23","date_gmt":"2025-07-28T22:31:23","guid":{"rendered":"https:\/\/www.europesays.com\/de\/301533\/"},"modified":"2025-07-28T22:31:23","modified_gmt":"2025-07-28T22:31:23","slug":"kommentar-dieser-zoll-deal-mit-den-usa-ist-schlecht-fuer-europa-meinung","status":"publish","type":"post","link":"https:\/\/www.europesays.com\/de\/301533\/","title":{"rendered":"Kommentar: Dieser Zoll-Deal mit den USA ist schlecht f\u00fcr Europa &#8211; Meinung"},"content":{"rendered":"<p data-manual=\"teaserText\" data-schema-org-speakable=\"true\">Ursula von der Leyen musste sich Donald Trump beugen, weil er der St\u00e4rkere ist \u2013 und weil die EU-Vertreter in den vergangenen Wochen hasenf\u00fc\u00dfig waren. So kommt man gegen diesen Pr\u00e4sidenten nicht an.<\/p>\n<p data-manual=\"paragraph\" data-schema-org-speakable=\"true\" class=\"css-kfbp7r\">Dieser Deal ist ein schlechter Deal f\u00fcr Europa. <a href=\"https:\/\/www.sueddeutsche.de\/thema\/Donald_Trump\" target=\"_blank\" rel=\"noopener\">Donald Trump<\/a> hat die <a href=\"https:\/\/www.sueddeutsche.de\/thema\/EU\" target=\"_blank\" rel=\"noopener\">EU<\/a> im Zollstreit nicht nur beleidigt, vorgef\u00fchrt und erpresst \u2013 er bekam am Ende auch das, was er wollte. Der US-Pr\u00e4sident verh\u00e4ngt nun einen vollkommen willk\u00fcrlichen Zoll von 15 Prozent auf Warenimporte aus der EU. Und Europa? L\u00e4sst das so einfach \u00fcber sich ergehen.<\/p>\n","protected":false},"excerpt":{"rendered":"Ursula von der Leyen musste sich Donald Trump beugen, weil er der St\u00e4rkere ist \u2013 und weil die&hellip;\n","protected":false},"author":2,"featured_media":301534,"comment_status":"","ping_status":"","sticky":false,"template":"","format":"standard","meta":{"footnotes":""},"categories":[3933],"tags":[331,332,147,106,548,663,158,3934,3935,7177,13,148,3074,14,15,12,149,1493,64,211],"class_list":{"0":"post-301533","1":"post","2":"type-post","3":"status-publish","4":"format-standard","5":"has-post-thumbnail","7":"category-eu","8":"tag-aktuelle-nachrichten","9":"tag-aktuelle-news","10":"tag-ausland","11":"tag-donald-trump","12":"tag-eu","13":"tag-europa","14":"tag-europaeische-union","15":"tag-europe","16":"tag-european-union","17":"tag-handelspolitik","18":"tag-headlines","19":"tag-leserdiskussion","20":"tag-meinung","21":"tag-nachrichten","22":"tag-news","23":"tag-schlagzeilen","24":"tag-sueddeutsche-zeitung","25":"tag-ursula-von-der-leyen","26":"tag-usa","27":"tag-zoelle"},"share_on_mastodon":{"url":"https:\/\/pubeurope.com\/@de\/114933234951697193","error":""},"_links":{"self":[{"href":"https:\/\/www.europesays.com\/de\/wp-json\/wp\/v2\/posts\/301533","targetHints":{"allow":["GET"]}}],"collection":[{"href":"https:\/\/www.europesays.com\/de\/wp-json\/wp\/v2\/posts"}],"about":[{"href":"https:\/\/www.europesays.com\/de\/wp-json\/wp\/v2\/types\/post"}],"author":[{"embeddable":true,"href":"https:\/\/www.europesays.com\/de\/wp-json\/wp\/v2\/users\/2"}],"replies":[{"embeddable":true,"href":"https:\/\/www.europesays.com\/de\/wp-json\/wp\/v2\/comments?post=301533"}],"version-history":[{"count":0,"href":"https:\/\/www.europesays.com\/de\/wp-json\/wp\/v2\/posts\/301533\/revisions"}],"wp:featuredmedia":[{"embeddable":true,"href":"https:\/\/www.europesays.com\/de\/wp-json\/wp\/v2\/media\/301534"}],"wp:attachment":[{"href":"https:\/\/www.europesays.com\/de\/wp-json\/wp\/v2\/media?parent=301533"}],"wp:term":[{"taxonomy":"category","embeddable":true,"href":"https:\/\/www.europesays.com\/de\/wp-json\/wp\/v2\/categories?post=301533"},{"taxonomy":"post_tag","embeddable":true,"href":"https:\/\/www.europesays.com\/de\/wp-json\/wp\/v2\/tags?post=301533"}],"curies":[{"name":"wp","href":"https:\/\/api.w.org\/{rel}","templated":true}]}}