{"id":301591,"date":"2025-07-28T23:07:19","date_gmt":"2025-07-28T23:07:19","guid":{"rendered":"https:\/\/www.europesays.com\/de\/301591\/"},"modified":"2025-07-28T23:07:19","modified_gmt":"2025-07-28T23:07:19","slug":"fast-jede-zweite-stelle-unbesetzt-berlin-fehlen-hunderte-parkschein-kontrolleure","status":"publish","type":"post","link":"https:\/\/www.europesays.com\/de\/301591\/","title":{"rendered":"Fast jede zweite Stelle unbesetzt: Berlin fehlen hunderte Parkschein-Kontrolleure"},"content":{"rendered":"<p>    Fast jede zweite Stelle unbesetzt: Berlin fehlen hunderte Parkschein-Kontrolleure<\/p>\n<p>    <a href=\"#main-content\" class=\"tspIbf\">zum Hauptinhalt<\/a>Sie befinden sich hier:<\/p>\n<ol property=\"breadcrumb\" typeof=\"BreadcrumbList\" class=\"tspALgy\">\n<li property=\"itemListElement\" typeof=\"ListItem\" class=\"tspALgz\"><a property=\"item\" typeof=\"WebPage\" href=\"https:\/\/www.tagesspiegel.de\" class=\"tspALg0\" target=\"_blank\" rel=\"noopener\">Startseite<\/a><\/li>\n<li property=\"itemListElement\" typeof=\"ListItem\" class=\"tspALgz\"><a href=\"https:\/\/www.tagesspiegel.de\/berlin\/\" property=\"item\" typeof=\"WebPage\" class=\"tspALg0 tspALg1\" target=\"_blank\" rel=\"noopener\">Berlin<\/a><\/li>\n<li property=\"itemListElement\" typeof=\"ListItem\" aria-current=\"page\" class=\"tspALgz\"><strong property=\"item\" typeof=\"WebPage\" class=\"tspALg0\">Fast jede zweite Stelle unbesetzt: Berlin fehlen hunderte Parkschein-Kontrolleure<\/strong><\/li>\n<\/ol>\n<p><img decoding=\"async\" src=\"https:\/\/www.europesays.com\/de\/wp-content\/uploads\/2025\/07\/ordnungsamt-a-berwacht-parkraum.jpeg\" alt=\"In Berlin fehlen hunderte Mitarbeiter zur Kontrollen der Parkzonen\" width=\"1000\" height=\"428\" loading=\"lazy\" class=\"tspAUhq\"\/><\/p>\n<p class=\"tspAHgj tspAHgk\"> \u00a9 picture alliance\/dpa\/dpa-Zentralbild\/Monika Skolimowska <\/p>\n<p class=\"tspBWlv tspBy\">Falschparker in Berlin m\u00fcssen wenig Sorge haben, erwischt zu werden. Scan-Cars k\u00f6nnten das Problem l\u00f6sen. Weil die Erlaubnis zu deren Einsatz vom Bund weiterhin fehlt, pr\u00fcft der Senat einen neuen Weg.<\/p>\n<p class=\"tspBCjx\"> Stand: 28.07.2025, 16:32\u00a0Uhr<\/p>\n<dl class=\"tspBad debug-piano\">\n<p><dt>showPaywall:<\/dt>\n<dd>true<\/dd>\n<\/p>\n<p><dt>isSubscriber:<\/dt>\n<dd>false<\/dd>\n<\/p>\n<p><dt>isPaid:<\/dt>\n<dd>true<\/dd>\n<\/p>\n<\/dl>\n<p id=\"message-target-blank\" hidden=\"hidden\">\u00f6ffnet in neuem Tab oder Fenster<\/p>\n<p>\n\t\t\tconsole.debug({ userId: &#8222;&#8220;, verifiedBot: &#8222;false&#8220;, botCategory: &#8222;&#8220; })\n\t\t<\/p>\n","protected":false},"excerpt":{"rendered":"Fast jede zweite Stelle unbesetzt: Berlin fehlen hunderte Parkschein-Kontrolleure zum HauptinhaltSie befinden sich hier: Startseite Berlin Fast jede&hellip;\n","protected":false},"author":2,"featured_media":301592,"comment_status":"","ping_status":"","sticky":false,"template":"","format":"standard","meta":{"footnotes":""},"categories":[1825],"tags":[296,531,29,527,30,1891,525,526,2382,523,634,528,1888],"class_list":{"0":"post-301591","1":"post","2":"type-post","3":"status-publish","4":"format-standard","5":"has-post-thumbnail","7":"category-berlin","8":"tag-berlin","9":"tag-charlottenburg-wilmersdorf","10":"tag-deutschland","11":"tag-friedrichshain-kreuzberg","12":"tag-germany","13":"tag-landespolitik-berlin","14":"tag-mitte","15":"tag-neukoelln","16":"tag-senat","17":"tag-steglitz-zehlendorf","18":"tag-strassenverkehr","19":"tag-tempelhof-schoeneberg","20":"tag-verkehrspolitik"},"share_on_mastodon":{"url":"https:\/\/pubeurope.com\/@de\/114933376249901065","error":""},"_links":{"self":[{"href":"https:\/\/www.europesays.com\/de\/wp-json\/wp\/v2\/posts\/301591","targetHints":{"allow":["GET"]}}],"collection":[{"href":"https:\/\/www.europesays.com\/de\/wp-json\/wp\/v2\/posts"}],"about":[{"href":"https:\/\/www.europesays.com\/de\/wp-json\/wp\/v2\/types\/post"}],"author":[{"embeddable":true,"href":"https:\/\/www.europesays.com\/de\/wp-json\/wp\/v2\/users\/2"}],"replies":[{"embeddable":true,"href":"https:\/\/www.europesays.com\/de\/wp-json\/wp\/v2\/comments?post=301591"}],"version-history":[{"count":0,"href":"https:\/\/www.europesays.com\/de\/wp-json\/wp\/v2\/posts\/301591\/revisions"}],"wp:featuredmedia":[{"embeddable":true,"href":"https:\/\/www.europesays.com\/de\/wp-json\/wp\/v2\/media\/301592"}],"wp:attachment":[{"href":"https:\/\/www.europesays.com\/de\/wp-json\/wp\/v2\/media?parent=301591"}],"wp:term":[{"taxonomy":"category","embeddable":true,"href":"https:\/\/www.europesays.com\/de\/wp-json\/wp\/v2\/categories?post=301591"},{"taxonomy":"post_tag","embeddable":true,"href":"https:\/\/www.europesays.com\/de\/wp-json\/wp\/v2\/tags?post=301591"}],"curies":[{"name":"wp","href":"https:\/\/api.w.org\/{rel}","templated":true}]}}