{"id":301713,"date":"2025-07-29T00:16:16","date_gmt":"2025-07-29T00:16:16","guid":{"rendered":"https:\/\/www.europesays.com\/de\/301713\/"},"modified":"2025-07-29T00:16:16","modified_gmt":"2025-07-29T00:16:16","slug":"vfb-stuttgart-rechnet-fest-mit-woltemade-verbleib","status":"publish","type":"post","link":"https:\/\/www.europesays.com\/de\/301713\/","title":{"rendered":"VfB Stuttgart rechnet fest mit Woltemade-Verbleib"},"content":{"rendered":"<p>Fu\u00dfball-Transferpoker <\/p>\n<p>VfB Stuttgart rechnet fest mit Woltemade-Verbleib<\/p>\n<p>28.07.2025 &#8211; 18:39 UhrLesedauer: 2 Min.<\/p>\n<p><a href=\"#focus-0\" class=\"transition-colors duration-200 focus-within:text-magenta block text-current relative\" data-sctrack=\"FocusGalleryImage.Reference\"><img fetchpriority=\"high\" data-testid=\"Opener.Image\" style=\"--lqipURL:url('https:\/\/images.t-online.de\/2025\/07\/-nQGjY1YbCIX\/0x188:2048x1152\/fit-in\/150x0\/filters:blur(25)\/nick-woltemade-stand-zum-start-des-vfb-trainingslagers-im-fokus.jpg')\"   loading=\"eager\" src=\"https:\/\/www.europesays.com\/de\/wp-content\/uploads\/2025\/07\/nick-woltemade-stand-zum-start-des-vfb-trainingslagers-im-fokus.jpg\" alt=\"Nick Woltemade\" title=\"Nick Woltemade\" width=\"2048\" height=\"1152\" class=\"bg-[url:var(--lqipURL)] bg-cover bg-center flex h-full w-full max-w-full\" decoding=\"async\"\/><img style=\"--width:32;--height:32\" loading=\"lazy\" src=\"https:\/\/www.t-online.de\/s\/paper\/_next\/static\/media\/zoom-in.f7dae02f.svg\" alt=\"Vergr\u00f6\u00dfern des Bildes\" title=\"Vergr\u00f6\u00dfern des Bildes\" class=\"block h-[calc(var(--height)_\/_16_*_1rem)] w-[calc(var(--width)_\/_16_*_1rem)] max-w-none absolute bottom-8 right-8 rounded-4 bg-snow p-8\" decoding=\"async\"\/><\/a><\/p>\n<p>Nick Woltemade im Trainingslager: Der VfB-Spieler stand zum Start der Vorbereitung im Fokus. (Quelle: Sven Hoppe\/dpa\/dpa-bilder)<\/p>\n<p class=\"font-bold text-18 leading-17\">Der VfB Stuttgart plant weiterhin mit St\u00fcrmer Nick Woltemade trotz Interesse des FC Bayern. Sportvorstand Wohlgemuth zeigt sich beim Trainingsauftakt am Tegernsee zuversichtlich.<\/p>\n<p class=\"text-18 leading-17\">Der <a class=\"transition-colors duration-200 cursor-pointer text-inherit no-underline text-salemsfur md:hover:text-magenta md:hover:border-magenta md:focus:text-magenta border-current border-b border-solid break-words\" href=\"https:\/\/www.t-online.de\/themen\/vfb-stuttgart\/\" data-sctrack=\"BodyAnchor\" target=\"_blank\" rel=\"noopener\">VfB Stuttgart<\/a> h\u00e4lt an seinem St\u00fcrmerstar <a class=\"transition-colors duration-200 cursor-pointer text-inherit no-underline text-salemsfur md:hover:text-magenta md:hover:border-magenta md:focus:text-magenta border-current border-b border-solid break-words\" href=\"https:\/\/www.t-online.de\/themen\/nick-woltemade\/\" data-sctrack=\"BodyAnchor\" target=\"_blank\" rel=\"noopener\">Nick Woltemade<\/a> fest. Sportvorstand Fabian Wohlgemuth sagte zum Auftakt des Trainingslagers in Rottach-Egern am Montag: &#8222;Nick wird mit einer sehr, sehr gro\u00dfen Wahrscheinlichkeit auch in dieser Saison zum Kader geh\u00f6ren.&#8220;<\/p>\n<p class=\"text-18 leading-17\">Wohlgemuth erkl\u00e4rte, Woltemade mache einen &#8222;motivierten Eindruck&#8220;. Die Mannschaft habe sich auf die R\u00fcckkehr des Nationalst\u00fcrmers gefreut. Am vergangenen Samstagvormittag habe er ein &#8222;l\u00e4ngeres&#8220; und &#8222;gutes Gespr\u00e4ch&#8220; mit dem Angreifer gef\u00fchrt. Ob es dabei auch um den von Woltemade angestrebten Transfer zu den Bayern ging, verriet der 46-J\u00e4hrige nicht.<\/p>\n<p class=\"text-18 leading-17\">Auf die Frage nach m\u00f6glichen Gespr\u00e4chen mit Bayern-Vertretern antwortete Wohlgemuth, er habe weder von Ehrenpr\u00e4sident <a class=\"transition-colors duration-200 cursor-pointer text-inherit no-underline text-salemsfur md:hover:text-magenta md:hover:border-magenta md:focus:text-magenta border-current border-b border-solid break-words\" href=\"https:\/\/www.t-online.de\/themen\/uli-hoeness\/\" data-sctrack=\"BodyAnchor\" target=\"_blank\" rel=\"noopener\">Uli Hoene\u00df<\/a> noch von Sportvorstand <a class=\"transition-colors duration-200 cursor-pointer text-inherit no-underline text-salemsfur md:hover:text-magenta md:hover:border-magenta md:focus:text-magenta border-current border-b border-solid break-words\" href=\"https:\/\/www.t-online.de\/themen\/max-eberl\/\" data-sctrack=\"BodyAnchor\" target=\"_blank\" rel=\"noopener\">Max Eberl<\/a>, die beide am Tegernsee wohnen, eine Einladung erhalten.<\/p>\n<p class=\"text-18 leading-17\">Der VfB bereitet sich am Tegernsee auf die neue Bundesliga-Saison vor. Bei der Ankunft am Mittag stieg Woltemade aus dem Bus, holte seinen Rollkoffer, hielt bei den Fans kurz f\u00fcr Autogramme und Fotos an und verschwand dann im Hotel. Sp\u00e4ter trainierte er mit den Kollegen bei Regen auf dem Rasen.<\/p>\n<p class=\"text-18 leading-17\">Woltemade m\u00f6chte trotz Vertrags bis 2028 zu den Bayern wechseln und hat diesen Wunsch bereits vor l\u00e4ngerer Zeit bei den VfB-Bossen hinterlegt. Am Samstag absolvierte er die \u00fcblichen Leistungstests. Zuvor hatte der 23-J\u00e4hrige nach seinen Eins\u00e4tzen beim Finalturnier der <a class=\"transition-colors duration-200 cursor-pointer text-inherit no-underline text-salemsfur md:hover:text-magenta md:hover:border-magenta md:focus:text-magenta border-current border-b border-solid break-words\" href=\"https:\/\/www.t-online.de\/sport\/fussball\/nations-league\/\" data-sctrack=\"BodyAnchor\" target=\"_blank\" rel=\"noopener\">Nations League<\/a> und bei der U21-Europameisterschaft Urlaub.<\/p>\n<p class=\"text-18 leading-17\">Der Transferpoker um den Nationalspieler l\u00e4uft seit Wochen. Die Vereine liegen bei der Abl\u00f6sesumme weit auseinander. Die Bayern sollen mit zwei Angeboten &#8211; das zweite angeblich \u00fcber 50 Millionen Euro &#8211; beim VfB gescheitert sein.<\/p>\n","protected":false},"excerpt":{"rendered":"Fu\u00dfball-Transferpoker VfB Stuttgart rechnet fest mit Woltemade-Verbleib 28.07.2025 &#8211; 18:39 UhrLesedauer: 2 Min. Nick Woltemade im Trainingslager: Der&hellip;\n","protected":false},"author":2,"featured_media":301714,"comment_status":"","ping_status":"","sticky":false,"template":"","format":"standard","meta":{"footnotes":""},"categories":[1830],"tags":[722,17161,1634,3364,29,22906,458,30,1770,87641,1441,12457,3171,2915],"class_list":{"0":"post-301713","1":"post","2":"type-post","3":"status-publish","4":"format-standard","5":"has-post-thumbnail","7":"category-stuttgart","8":"tag-722","9":"tag-17161","10":"tag-baden-wuerttemberg","11":"tag-de","12":"tag-deutschland","13":"tag-fabian-wohlgemuth","14":"tag-fc-bayern-muenchen","15":"tag-germany","16":"tag-nick-woltemade","17":"tag-rottach-egern","18":"tag-stuttgart","19":"tag-tegernsee","20":"tag-trainingslager","21":"tag-vfb-stuttgart"},"share_on_mastodon":{"url":"https:\/\/pubeurope.com\/@de\/114933647811657043","error":""},"_links":{"self":[{"href":"https:\/\/www.europesays.com\/de\/wp-json\/wp\/v2\/posts\/301713","targetHints":{"allow":["GET"]}}],"collection":[{"href":"https:\/\/www.europesays.com\/de\/wp-json\/wp\/v2\/posts"}],"about":[{"href":"https:\/\/www.europesays.com\/de\/wp-json\/wp\/v2\/types\/post"}],"author":[{"embeddable":true,"href":"https:\/\/www.europesays.com\/de\/wp-json\/wp\/v2\/users\/2"}],"replies":[{"embeddable":true,"href":"https:\/\/www.europesays.com\/de\/wp-json\/wp\/v2\/comments?post=301713"}],"version-history":[{"count":0,"href":"https:\/\/www.europesays.com\/de\/wp-json\/wp\/v2\/posts\/301713\/revisions"}],"wp:featuredmedia":[{"embeddable":true,"href":"https:\/\/www.europesays.com\/de\/wp-json\/wp\/v2\/media\/301714"}],"wp:attachment":[{"href":"https:\/\/www.europesays.com\/de\/wp-json\/wp\/v2\/media?parent=301713"}],"wp:term":[{"taxonomy":"category","embeddable":true,"href":"https:\/\/www.europesays.com\/de\/wp-json\/wp\/v2\/categories?post=301713"},{"taxonomy":"post_tag","embeddable":true,"href":"https:\/\/www.europesays.com\/de\/wp-json\/wp\/v2\/tags?post=301713"}],"curies":[{"name":"wp","href":"https:\/\/api.w.org\/{rel}","templated":true}]}}