{"id":301740,"date":"2025-07-29T00:31:14","date_gmt":"2025-07-29T00:31:14","guid":{"rendered":"https:\/\/www.europesays.com\/de\/301740\/"},"modified":"2025-07-29T00:31:14","modified_gmt":"2025-07-29T00:31:14","slug":"maike-von-bremen-ueber-ihren-ueberraschenden-rueckzug-aus-der-tv-welt","status":"publish","type":"post","link":"https:\/\/www.europesays.com\/de\/301740\/","title":{"rendered":"Maike von Bremen \u00fcber ihren \u00fcberraschenden R\u00fcckzug aus der TV-Welt"},"content":{"rendered":"<p>\n                                                                                                                                                    28.07.2025\u00a020:40                \u00a08.415\n                            <\/p>\n<p>            17 Jahre nach TV-Aus: Das macht &#8222;GZSZ&#8220;-Star Maike von Bremen heute<\/p>\n<p>Was macht eigentlich Maike von Bremen? Die Ex-Schauspielerin von &#8222;GZSZ&#8220; lebt nach ihrem Ausstieg vor 17 Jahren ein ganz anderes Leben.<\/p>\n<p>K\u00f6ln\/Berlin &#8211; <b>Viele Jahre lang war sie eines DER Gesichter von &#8222;<\/b><a href=\"https:\/\/www.tag24.de\/unterhaltung\/tv\/gzsz\" rel=\"nofollow noopener\" target=\"_blank\">Gute Zeiten, schlechte Zeiten<\/a><b>&#8220; &#8211; aus dem Nichts dann der TV-R\u00fcckzug. Vor Kurzem hat Schauspielerin Maike von Bremen (44) \u00fcberraschend \u00fcber ihr neues Leben gesprochen.<\/b><\/p>\n<p class=\"article__ai-summary__content__title\">\n                    Alles in K\u00fcrze\n                <\/p>\n<ul class=\"article__ai-summary__content__list\">\n<li>Maike von Bremen war 6 Jahre in GZSZ aktiv.<\/li>\n<li>Sie verlie\u00df die Show 2008 wegen Augenproblemen.<\/li>\n<li>Heute arbeitet sie als Body-Mind-Soul-Mentorin und EMDR-Therapeutin.<\/li>\n<li>Sie hilft Menschen, chronische Symptome zu \u00fcberwinden.<\/li>\n<li>Ein Schauspiel-Comeback schlie\u00dft sie nicht aus.<\/li>\n<\/ul>\n<p class=\"article__ai-summary__content__footer\">KI-generierte Zusammenfassung des Artikels<\/p>\n<p>            <img loading=\"lazy\" decoding=\"async\" class=\"article__img\" alt=\"Gemeinsam mit Nina Bott (m.) und Susan Sideropoulos stand Maike von Bremen (l.) jahrelang f\u00fcr &quot;GZSZ&quot; vor der Kamera. (Archivbild)\" width=\"951\" height=\"634\" src=\"https:\/\/www.europesays.com\/de\/wp-content\/uploads\/2025\/07\/bde6mzf0kys7vqvggw5kuww5tx7sbh4u.jpg\"  \/><\/p>\n<p>            Gemeinsam mit Nina Bott (m.) und Susan Sideropoulos stand Maike von Bremen (l.) jahrelang f\u00fcr &#8222;GZSZ&#8220; vor der Kamera. (Archivbild)\u00a0\u00a0\u00a9\u00a0IMAGO \/ Eventpress<\/p>\n<p>Sechs Jahre war die 44-J\u00e4hrige in der Rolle als Sandra Lemke aktiv, ehe sie 2008 wegen einer chronischen Entz\u00fcndung ihrer Augenlider aus heiterem Himmel die Rei\u00dfleine ziehen musste.<\/p>\n<p>Mittlerweile ist die Berlinerin nicht mehr im TV zu sehen, vielmehr auf Instagram und in den sozialen Medien.<\/p>\n<p>&#8222;Es geht meinen Augen wieder gut&#8220;, schreibt sie zu einem kurzen Videoclip.<\/p>\n<p>                             <a data-aid=\"3407348\" data-atype=\"news\" data-aplacement=\"inread-article\" data-aplacementid=\"3407214\" href=\"https:\/\/www.tag24.de\/unterhaltung\/promis\/kuscheln-statt-kuechenschlacht-tv-koechin-mit-privaten-einblicken-nach-der-geburt-3407348\" rel=\"nofollow noopener\" target=\"_blank\"><img loading=\"lazy\" decoding=\"async\" width=\"85\" height=\"57\" alt=\"Kuscheln statt K\u00fcchenschlacht: TV-K\u00f6chin mit privaten Einblicken nach der Geburt\" src=\"https:\/\/www.europesays.com\/de\/wp-content\/uploads\/2025\/07\/5ih9ibor1qb74t0aav9pa8wnzujnhjv4.jpg\"\/><\/a><\/p>\n<p>            Promis &amp; Stars<br \/>\n                            <a class=\"inread-article__headline\" data-aid=\"3407348\" data-atype=\"news\" data-aplacement=\"inread-article\" data-aplacementid=\"3407214\" href=\"https:\/\/www.tag24.de\/unterhaltung\/promis\/kuscheln-statt-kuechenschlacht-tv-koechin-mit-privaten-einblicken-nach-der-geburt-3407348\" rel=\"nofollow noopener\" target=\"_blank\">Kuscheln statt K\u00fcchenschlacht: TV-K\u00f6chin mit privaten Einblicken nach der Geburt<\/a><\/p>\n<p>                             <a data-aid=\"3406984\" data-atype=\"news\" data-aplacement=\"inread-article\" data-aplacementid=\"3407214\" href=\"https:\/\/www.tag24.de\/unterhaltung\/promis\/warum-macht-sie-sowas-gzsz-gaststar-cosma-dujat-bringt-hitzige-diskussion-auf-die-buehne-3406984\" rel=\"nofollow noopener\" target=\"_blank\"><img loading=\"lazy\" decoding=\"async\" width=\"85\" height=\"57\" alt=\"\" warum=\"\" macht=\"\" sie=\"\" sowas=\"\" gzsz-gaststar=\"\" cosma=\"\" dujat=\"\" bringt=\"\" hitzige=\"\" diskussion=\"\" auf=\"\" die=\"\" b=\"\" src=\"https:\/\/www.europesays.com\/de\/wp-content\/uploads\/2025\/07\/qvzlaec4olu2zjqllk02pwa2rpmku9zg.jpg\"\/><\/a><\/p>\n<p>            Promis &amp; Stars<br \/>\n                            <a class=\"inread-article__headline\" data-aid=\"3406984\" data-atype=\"news\" data-aplacement=\"inread-article\" data-aplacementid=\"3407214\" href=\"https:\/\/www.tag24.de\/unterhaltung\/promis\/warum-macht-sie-sowas-gzsz-gaststar-cosma-dujat-bringt-hitzige-diskussion-auf-die-buehne-3406984\" rel=\"nofollow noopener\" target=\"_blank\">&#8222;Warum macht sie sowas?&#8220;: GZSZ-Gaststar Cosma Dujat bringt hitzige Diskussion auf die B\u00fchne<\/a><\/p>\n<p>Das Thema rund um chronische Schmerzen und Krankheiten scheint sie allerdings weiterhin zu begleiten. <\/p>\n<p><b>Denn: Der ehemalige &#8222;GZSZ&#8220;-Star arbeitet inzwischen als Body-Mind-Soul-Mentorin und EMDR-Therapeutin. &#8222;Ich helfe anderen Menschen ihre chronischen k\u00f6rperlichen Symptome auf seelischer Ebene zu entschl\u00fcsseln und somit hoffentlich in L\u00f6sung zu bringen.&#8220;<\/b><\/p>\n<p>    Maike von Bremen kann sich Schauspiel-Comeback vorstellen<\/p>\n<p>            <img decoding=\"async\" class=\"article__img\" alt=\"Mittlerweile widmet sich die 44-J\u00e4hrige eher spirituellen Themen und verdient als Therapeutin ihr Geld.\" width=\"951\" height=\"634\" loading=\"lazy\" src=\"https:\/\/www.europesays.com\/de\/wp-content\/uploads\/2025\/07\/istha5zfzdqmr3dx133kxergahxchijf.jpg\"  \/><\/p>\n<p>            Mittlerweile widmet sich die 44-J\u00e4hrige eher spirituellen Themen und verdient als Therapeutin ihr Geld.\u00a0\u00a0\u00a9\u00a0Bildmontage: Screenshot\/Instagram\/Maike von Bremen<\/p>\n<p>Helfen sollen dabei offensichtlich haufenweise Reels die mit sanftem Voiceover eine neue Richtung im Leben aufzeigen sollen.<\/p>\n<p>Ihre langj\u00e4hrige Arbeit als Schauspielerin hat die 44-J\u00e4hrige im Laufe der Jahre deshalb zu den Akten gelegt. Ein Comeback wolle sie nach ihrem GZSZ-Aus vor 17 Jahren aber nicht ausschlie\u00dfen. <\/p>\n<p>&#8222;Auch wenn ich momentan nicht als Schauspielerin arbeite, habe ich den Beruf immer geliebt und schlie\u00dfe nicht aus, dass er mir mal wieder passieren k\u00f6nnte in der Zukunft.&#8220;<\/p>\n<p>                             <a data-aid=\"3407290\" data-atype=\"news\" data-aplacement=\"inread-article\" data-aplacementid=\"3407214\" href=\"https:\/\/www.tag24.de\/unterhaltung\/promis\/serkan-yavuz-teilt-besonderen-meilenstein-aus-dem-leben-von-tochter-valea-3407290\" rel=\"nofollow noopener\" target=\"_blank\"><img loading=\"lazy\" decoding=\"async\" width=\"85\" height=\"57\" alt=\"Serkan Yavuz teilt besonderen Meilenstein aus dem Leben von Tochter Valea\" src=\"https:\/\/www.europesays.com\/de\/wp-content\/uploads\/2025\/07\/ltdm8lzf6bzz0do46r81ntgpke9po0cm.jpg\"\/><\/a><\/p>\n<p>            Promis &amp; Stars<br \/>\n                            <a class=\"inread-article__headline\" data-aid=\"3407290\" data-atype=\"news\" data-aplacement=\"inread-article\" data-aplacementid=\"3407214\" href=\"https:\/\/www.tag24.de\/unterhaltung\/promis\/serkan-yavuz-teilt-besonderen-meilenstein-aus-dem-leben-von-tochter-valea-3407290\" rel=\"nofollow noopener\" target=\"_blank\">Serkan Yavuz teilt besonderen Meilenstein aus dem Leben von Tochter Valea<\/a><\/p>\n<p>                             <a data-aid=\"3407487\" data-atype=\"news\" data-aplacement=\"inread-article\" data-aplacementid=\"3407214\" href=\"https:\/\/www.tag24.de\/unterhaltung\/promis\/markante-stimme-von-michael-douglas-schauspieler-volker-brandt-wird-90-jahre-alt-3407487\" rel=\"nofollow noopener\" target=\"_blank\"><img loading=\"lazy\" decoding=\"async\" width=\"85\" height=\"57\" alt=\"Markante Stimme von Michael Douglas: Schauspieler Volker Brandt wird 90 Jahre alt\" src=\"https:\/\/www.europesays.com\/de\/wp-content\/uploads\/2025\/07\/57pmtv18cq8rkqdfyzdtvz4lroix5qmj.jpg\"\/><\/a><\/p>\n<p>            Promis &amp; Stars<br \/>\n                            <a class=\"inread-article__headline\" data-aid=\"3407487\" data-atype=\"news\" data-aplacement=\"inread-article\" data-aplacementid=\"3407214\" href=\"https:\/\/www.tag24.de\/unterhaltung\/promis\/markante-stimme-von-michael-douglas-schauspieler-volker-brandt-wird-90-jahre-alt-3407487\" rel=\"nofollow noopener\" target=\"_blank\">Markante Stimme von Michael Douglas: Schauspieler Volker Brandt wird 90 Jahre alt<\/a><\/p>\n<p><b>Statt ihrem Job vor der Kamera scheint sich das Interesse verlagert zu haben. &#8222;Gerade gilt mein Hauptinteresse dem tief zu tauchen und Dinge hinterfragen und die Sozialen Medien zu nutzen, um Raum f\u00fcr ruhigeren nachhaltigen Austausch zu schaffen.&#8220;<\/b><\/p>\n","protected":false},"excerpt":{"rendered":"28.07.2025\u00a020:40 \u00a08.415 17 Jahre nach TV-Aus: Das macht &#8222;GZSZ&#8220;-Star Maike von Bremen heute Was macht eigentlich Maike von&hellip;\n","protected":false},"author":2,"featured_media":301741,"comment_status":"","ping_status":"","sticky":false,"template":"","format":"standard","meta":{"footnotes":""},"categories":[1776],"tags":[1801,29,214,30,1802,215],"class_list":{"0":"post-301740","1":"post","2":"type-post","3":"status-publish","4":"format-standard","5":"has-post-thumbnail","7":"category-prominente","8":"tag-celebrities","9":"tag-deutschland","10":"tag-entertainment","11":"tag-germany","12":"tag-prominente","13":"tag-unterhaltung"},"share_on_mastodon":{"url":"https:\/\/pubeurope.com\/@de\/114933706619947587","error":""},"_links":{"self":[{"href":"https:\/\/www.europesays.com\/de\/wp-json\/wp\/v2\/posts\/301740","targetHints":{"allow":["GET"]}}],"collection":[{"href":"https:\/\/www.europesays.com\/de\/wp-json\/wp\/v2\/posts"}],"about":[{"href":"https:\/\/www.europesays.com\/de\/wp-json\/wp\/v2\/types\/post"}],"author":[{"embeddable":true,"href":"https:\/\/www.europesays.com\/de\/wp-json\/wp\/v2\/users\/2"}],"replies":[{"embeddable":true,"href":"https:\/\/www.europesays.com\/de\/wp-json\/wp\/v2\/comments?post=301740"}],"version-history":[{"count":0,"href":"https:\/\/www.europesays.com\/de\/wp-json\/wp\/v2\/posts\/301740\/revisions"}],"wp:featuredmedia":[{"embeddable":true,"href":"https:\/\/www.europesays.com\/de\/wp-json\/wp\/v2\/media\/301741"}],"wp:attachment":[{"href":"https:\/\/www.europesays.com\/de\/wp-json\/wp\/v2\/media?parent=301740"}],"wp:term":[{"taxonomy":"category","embeddable":true,"href":"https:\/\/www.europesays.com\/de\/wp-json\/wp\/v2\/categories?post=301740"},{"taxonomy":"post_tag","embeddable":true,"href":"https:\/\/www.europesays.com\/de\/wp-json\/wp\/v2\/tags?post=301740"}],"curies":[{"name":"wp","href":"https:\/\/api.w.org\/{rel}","templated":true}]}}