{"id":301870,"date":"2025-07-29T01:48:17","date_gmt":"2025-07-29T01:48:17","guid":{"rendered":"https:\/\/www.europesays.com\/de\/301870\/"},"modified":"2025-07-29T01:48:17","modified_gmt":"2025-07-29T01:48:17","slug":"ist-das-der-entscheidende-rueckschlag-fuer-giffey","status":"publish","type":"post","link":"https:\/\/www.europesays.com\/de\/301870\/","title":{"rendered":"Ist das der entscheidende R\u00fcckschlag f\u00fcr Giffey?"},"content":{"rendered":"<p>    Keine SPD-Mitgliederbefragung in Berlin: Ist das der entscheidende R\u00fcckschlag f\u00fcr Giffey?<\/p>\n<p>    <a href=\"#main-content\" class=\"tspIbf\">zum Hauptinhalt<\/a>Sie befinden sich hier:<\/p>\n<ol property=\"breadcrumb\" typeof=\"BreadcrumbList\" class=\"tspALgy\">\n<li property=\"itemListElement\" typeof=\"ListItem\" class=\"tspALgz\"><a property=\"item\" typeof=\"WebPage\" href=\"https:\/\/www.tagesspiegel.de\" class=\"tspALg0\" target=\"_blank\" rel=\"noopener\">Startseite<\/a><\/li>\n<li property=\"itemListElement\" typeof=\"ListItem\" class=\"tspALgz\"><a href=\"https:\/\/www.tagesspiegel.de\/berlin\/\" property=\"item\" typeof=\"WebPage\" class=\"tspALg0 tspALg1\" target=\"_blank\" rel=\"noopener\">Berlin<\/a><\/li>\n<li property=\"itemListElement\" typeof=\"ListItem\" aria-current=\"page\" class=\"tspALgz\"><strong property=\"item\" typeof=\"WebPage\" class=\"tspALg0\">Keine SPD-Mitgliederbefragung in Berlin: Ist das der entscheidende R\u00fcckschlag f\u00fcr Giffey?<\/strong><\/li>\n<\/ol>\n<p><img decoding=\"async\" src=\"https:\/\/www.europesays.com\/de\/wp-content\/uploads\/2025\/07\/franzi028-vorstellung-der-solar-kampagne-solar-zahlt-sich-aus.jpeg\" alt=\"Franziska Giffey (SPD), Berliner Senatorin f\u00fcr Wirtschaft, Energie und Betriebe.\" width=\"1000\" height=\"428\" loading=\"lazy\" class=\"tspAUhq\"\/><\/p>\n<p class=\"tspAHgj tspAHgk\"> \u00a9 dpa\/Christoph Soeder <\/p>\n<p class=\"tspBWlv tspBy\">Wirtschaftssenatorin Franziska Giffey forderte eine Mitgliederbefragung zur SPD-Spitzenkandidatur \u2013 und erhielt eine Absage von der Landesspitze. Die Ex-Regierende verliert langsam an Macht.<\/p>\n<p class=\"tspBCjx\"> Stand: 28.07.2025, 20:11\u00a0Uhr<\/p>\n<dl class=\"tspBad debug-piano\">\n<p><dt>showPaywall:<\/dt>\n<dd>true<\/dd>\n<\/p>\n<p><dt>isSubscriber:<\/dt>\n<dd>false<\/dd>\n<\/p>\n<p><dt>isPaid:<\/dt>\n<dd>true<\/dd>\n<\/p>\n<\/dl>\n<p id=\"message-target-blank\" hidden=\"hidden\">\u00f6ffnet in neuem Tab oder Fenster<\/p>\n<p>\n\t\t\tconsole.debug({ userId: &#8222;&#8220;, verifiedBot: &#8222;false&#8220;, botCategory: &#8222;&#8220; })\n\t\t<\/p>\n","protected":false},"excerpt":{"rendered":"Keine SPD-Mitgliederbefragung in Berlin: Ist das der entscheidende R\u00fcckschlag f\u00fcr Giffey? zum HauptinhaltSie befinden sich hier: Startseite Berlin&hellip;\n","protected":false},"author":2,"featured_media":301871,"comment_status":"","ping_status":"","sticky":false,"template":"","format":"standard","meta":{"footnotes":""},"categories":[1825],"tags":[296,64594,31,29,6604,30,1298,23778,18508,184],"class_list":{"0":"post-301870","1":"post","2":"type-post","3":"status-publish","4":"format-standard","5":"has-post-thumbnail","7":"category-berlin","8":"tag-berlin","9":"tag-berlin-wahl","10":"tag-cdu","11":"tag-deutschland","12":"tag-franziska-giffey","13":"tag-germany","14":"tag-innerparteiliche-demokratie","15":"tag-kandidatenaufstellung","16":"tag-raed-saleh","17":"tag-spd"},"share_on_mastodon":{"url":"https:\/\/pubeurope.com\/@de\/114934009735629121","error":""},"_links":{"self":[{"href":"https:\/\/www.europesays.com\/de\/wp-json\/wp\/v2\/posts\/301870","targetHints":{"allow":["GET"]}}],"collection":[{"href":"https:\/\/www.europesays.com\/de\/wp-json\/wp\/v2\/posts"}],"about":[{"href":"https:\/\/www.europesays.com\/de\/wp-json\/wp\/v2\/types\/post"}],"author":[{"embeddable":true,"href":"https:\/\/www.europesays.com\/de\/wp-json\/wp\/v2\/users\/2"}],"replies":[{"embeddable":true,"href":"https:\/\/www.europesays.com\/de\/wp-json\/wp\/v2\/comments?post=301870"}],"version-history":[{"count":0,"href":"https:\/\/www.europesays.com\/de\/wp-json\/wp\/v2\/posts\/301870\/revisions"}],"wp:featuredmedia":[{"embeddable":true,"href":"https:\/\/www.europesays.com\/de\/wp-json\/wp\/v2\/media\/301871"}],"wp:attachment":[{"href":"https:\/\/www.europesays.com\/de\/wp-json\/wp\/v2\/media?parent=301870"}],"wp:term":[{"taxonomy":"category","embeddable":true,"href":"https:\/\/www.europesays.com\/de\/wp-json\/wp\/v2\/categories?post=301870"},{"taxonomy":"post_tag","embeddable":true,"href":"https:\/\/www.europesays.com\/de\/wp-json\/wp\/v2\/tags?post=301870"}],"curies":[{"name":"wp","href":"https:\/\/api.w.org\/{rel}","templated":true}]}}