{"id":301921,"date":"2025-07-29T02:18:15","date_gmt":"2025-07-29T02:18:15","guid":{"rendered":"https:\/\/www.europesays.com\/de\/301921\/"},"modified":"2025-07-29T02:18:15","modified_gmt":"2025-07-29T02:18:15","slug":"das-fest-triefend-nasse-fans-am-abschlusstag-des-kultfestivals-karlsruhe","status":"publish","type":"post","link":"https:\/\/www.europesays.com\/de\/301921\/","title":{"rendered":"Das Fest: Triefend nasse Fans am Abschlusstag des Kultfestivals &#8211; Karlsruhe"},"content":{"rendered":"<p><b>Der Festivalsommer 2025 meint es nicht gut mit den Musikfans der Region. Jetzt hat der Himmel beim Fest \u00fcber der G\u00fcnther-Klotz-Anlage in Karlsruhe seine Schleusen ge\u00f6ffnet.<\/b><\/p>\n<p class=\"\">Bitte loggen Sie sich ein um den Artikel im Klartext zu sehen.<\/p>\n<p class=\"\">satF 70.0020 crsuBehe aetthn sihc taKenr l&amp;frum;u dei 40. aeAfulg dse assKvultileft rechs.igte vkiIuenls dre egroVmpaormr asD eFts am eSe ndu saD setF mi laofhhcSthc zgo isch ads rPmmrago lru;mbu&amp;e lzlw;&amp;mfou ea,gT edi lnnUughattre ;uu&amp;lfmr eid gazne Fleamii ntbeo nud uz enemi zlor&amp;Gitieg;<\/p>\n","protected":false},"excerpt":{"rendered":"Der Festivalsommer 2025 meint es nicht gut mit den Musikfans der Region. Jetzt hat der Himmel beim Fest&hellip;\n","protected":false},"author":2,"featured_media":301922,"comment_status":"","ping_status":"","sticky":false,"template":"","format":"standard","meta":{"footnotes":""},"categories":[1844],"tags":[55515,61183,1634,3364,29,30,87698,87699,8903,53342,5793,80,4060,317],"class_list":{"0":"post-301921","1":"post","2":"type-post","3":"status-publish","4":"format-standard","5":"has-post-thumbnail","7":"category-karlsruhe","8":"tag-clueso","9":"tag-amy-macdonald","10":"tag-baden-wuerttemberg","11":"tag-de","12":"tag-deutschland","13":"tag-germany","14":"tag-gunzi-heil","15":"tag-iryna-kovalenko","16":"tag-karlsruhe","17":"tag-karlsruher-institut-fuer-technologie","18":"tag-kiew","19":"tag-kultur","20":"tag-lokal","21":"tag-ukraine"},"share_on_mastodon":{"url":"https:\/\/pubeurope.com\/@de\/114934127305261018","error":""},"_links":{"self":[{"href":"https:\/\/www.europesays.com\/de\/wp-json\/wp\/v2\/posts\/301921","targetHints":{"allow":["GET"]}}],"collection":[{"href":"https:\/\/www.europesays.com\/de\/wp-json\/wp\/v2\/posts"}],"about":[{"href":"https:\/\/www.europesays.com\/de\/wp-json\/wp\/v2\/types\/post"}],"author":[{"embeddable":true,"href":"https:\/\/www.europesays.com\/de\/wp-json\/wp\/v2\/users\/2"}],"replies":[{"embeddable":true,"href":"https:\/\/www.europesays.com\/de\/wp-json\/wp\/v2\/comments?post=301921"}],"version-history":[{"count":0,"href":"https:\/\/www.europesays.com\/de\/wp-json\/wp\/v2\/posts\/301921\/revisions"}],"wp:featuredmedia":[{"embeddable":true,"href":"https:\/\/www.europesays.com\/de\/wp-json\/wp\/v2\/media\/301922"}],"wp:attachment":[{"href":"https:\/\/www.europesays.com\/de\/wp-json\/wp\/v2\/media?parent=301921"}],"wp:term":[{"taxonomy":"category","embeddable":true,"href":"https:\/\/www.europesays.com\/de\/wp-json\/wp\/v2\/categories?post=301921"},{"taxonomy":"post_tag","embeddable":true,"href":"https:\/\/www.europesays.com\/de\/wp-json\/wp\/v2\/tags?post=301921"}],"curies":[{"name":"wp","href":"https:\/\/api.w.org\/{rel}","templated":true}]}}