{"id":302036,"date":"2025-07-29T03:24:11","date_gmt":"2025-07-29T03:24:11","guid":{"rendered":"https:\/\/www.europesays.com\/de\/302036\/"},"modified":"2025-07-29T03:24:11","modified_gmt":"2025-07-29T03:24:11","slug":"discounter-kette-mit-standort-in-hanau-meldet-insolvenz-an","status":"publish","type":"post","link":"https:\/\/www.europesays.com\/de\/302036\/","title":{"rendered":"Discounter-Kette mit Standort in Hanau meldet Insolvenz an"},"content":{"rendered":"<ol class=\"id-DonaldBreadcrumb lp_west_breadcrumb id-DonaldBreadcrumb--default\" data-k5a-pos=\"west_breadcrumb\">\n<li class=\"id-Breadcrumb-item\"><a href=\"https:\/\/www.op-online.de\/\" class=\"id-Breadcrumb-link\" data-id-ec=\"{\" shn=\"\" textlink=\"\" data-k5a-pos=\"1_startseite\" rel=\"nofollow noopener\" target=\"_blank\">Startseite<\/a><\/li>\n<li class=\"id-Breadcrumb-item\"><a href=\"https:\/\/www.op-online.de\/region\/\" class=\"id-Breadcrumb-link\" data-id-ec=\"{\" shn=\"\" textlink=\"\" data-k5a-pos=\"2_region\" rel=\"nofollow noopener\" target=\"_blank\">Region<\/a><\/li>\n<li class=\"id-Breadcrumb-item\"><a href=\"https:\/\/www.op-online.de\/region\/hanau\/\" class=\"id-Breadcrumb-link\" data-id-ec=\"{\" shn=\"\" textlink=\"\" data-k5a-pos=\"3_hanau\" rel=\"nofollow noopener\" target=\"_blank\">Hanau<\/a><\/li>\n<\/ol>\n<p class=\"id-Story-timestamp id-Story-timestamp--default\">Stand: 29.07.2025, 04:42 Uhr<\/p>\n<p class=\"id-Story-authors id-Story-authors--default\">Von: Florian D\u00f6rr<\/p>\n<p class=\"id-Story-interactionBar id-Story-interactionBar--default\">DruckenTeilen<\/p>\n<p class=\"id-StoryElement-leadText\">Der Textil- und Spielwarenh\u00e4ndler Pepco Germany ist insolvent. Trotz finanzieller Probleme sollen alle Gesch\u00e4fte vorerst weiterlaufen. Eine Neuausrichtung ist geplant.<\/p>\n<p class=\"id-StoryElement-paragraph\">Hanau \u2013 Unsicherheit beim Textil- und Spielwarenh\u00e4ndler Pepco: Der deutsche Ableger des Unternehmens hat <a href=\"https:\/\/www.merkur.de\/wirtschaft\/insolvenz-sti1525342\/\" class=\"id-import-Link id-pageApi-Link--externalDomain\" title=\"Insolvenz\" data-id-ec=\"{&quot;sht&quot;:&quot;Container&quot;,&quot;shn&quot;:&quot;Story&quot;,&quot;p&quot;:{&quot;containerType&quot;:&quot;Paragraph&quot;,&quot;displayType&quot;:&quot;Paragraph InlineLink&quot;,&quot;type&quot;:&quot;INLINE_LINK&quot;,&quot;value&quot;:&quot;Insolvenz&quot;,&quot;variant&quot;:&quot;standardLink&quot;,&quot;sponsored&quot;:false,&quot;linkHref&quot;:&quot;https:\/\/www.merkur.de\/wirtschaft\/insolvenz-sti1525342\/&quot;,&quot;storyElementPosition&quot;:8,&quot;storyElementCount&quot;:18}}\" rel=\"nofollow noopener\" target=\"_blank\">Insolvenz<\/a> angemeldet und beim Amtsgericht Berlin-Charlottenburg ein Schutzschirmverfahren beantragt. Das Unternehmen Pepco Germany GmbH begr\u00fcndet diesen Schritt mit anhaltenden betrieblichen Verlusten und strukturellen Problemen im Filialnetzwerk. Durch das Verfahren soll eine grundlegende Neuausrichtung der Gesch\u00e4ftst\u00e4tigkeit erreicht werden.<\/p>\n<p class=\"id-StoryElement-paragraph\">Seit dem Jahr 2022 ist Pepco auf dem deutschen Markt pr\u00e4sent und f\u00fchrt nach Unternehmensangaben 64 Standorte, wobei sich der Gro\u00dfteil in den \u00f6stlichen Bundesl\u00e4ndern befindet. Doch auch in <a href=\"https:\/\/www.fr.de\/hessen\/\" class=\"id-import-Link id-pageApi-Link--externalDomain\" title=\"Hessen\" data-id-ec=\"{&quot;sht&quot;:&quot;Container&quot;,&quot;shn&quot;:&quot;Story&quot;,&quot;p&quot;:{&quot;containerType&quot;:&quot;Paragraph&quot;,&quot;displayType&quot;:&quot;Paragraph InlineLink&quot;,&quot;type&quot;:&quot;INLINE_LINK&quot;,&quot;value&quot;:&quot;Hessen&quot;,&quot;variant&quot;:&quot;standardLink&quot;,&quot;sponsored&quot;:false,&quot;linkHref&quot;:&quot;https:\/\/www.fr.de\/hessen\/&quot;,&quot;storyElementPosition&quot;:10,&quot;storyElementCount&quot;:18}}\" rel=\"nofollow noopener\" target=\"_blank\">Hessen<\/a> gibt es Standorte: laut Filialfinder in <a href=\"https:\/\/www.hna.de\/lokales\/witzenhausen\/eschwege-ort28660\/\" class=\"id-import-Link id-pageApi-Link--externalDomain\" title=\"Eschwege\" data-id-ec=\"{&quot;sht&quot;:&quot;Container&quot;,&quot;shn&quot;:&quot;Story&quot;,&quot;p&quot;:{&quot;containerType&quot;:&quot;Paragraph&quot;,&quot;displayType&quot;:&quot;Paragraph InlineLink&quot;,&quot;type&quot;:&quot;INLINE_LINK&quot;,&quot;value&quot;:&quot;Eschwege&quot;,&quot;variant&quot;:&quot;standardLink&quot;,&quot;sponsored&quot;:false,&quot;linkHref&quot;:&quot;https:\/\/www.hna.de\/lokales\/witzenhausen\/eschwege-ort28660\/&quot;,&quot;storyElementPosition&quot;:10,&quot;storyElementCount&quot;:18}}\" rel=\"nofollow noopener\" target=\"_blank\">Eschwege<\/a>, <a href=\"https:\/\/www.fr.de\/rhein-main\/main-kinzig-kreis\/hanau-ort66348\/\" class=\"id-import-Link id-pageApi-Link--externalDomain\" title=\"Hanau\" data-id-ec=\"{&quot;sht&quot;:&quot;Container&quot;,&quot;shn&quot;:&quot;Story&quot;,&quot;p&quot;:{&quot;containerType&quot;:&quot;Paragraph&quot;,&quot;displayType&quot;:&quot;Paragraph InlineLink&quot;,&quot;type&quot;:&quot;INLINE_LINK&quot;,&quot;value&quot;:&quot;Hanau&quot;,&quot;variant&quot;:&quot;standardLink&quot;,&quot;sponsored&quot;:false,&quot;linkHref&quot;:&quot;https:\/\/www.fr.de\/rhein-main\/main-kinzig-kreis\/hanau-ort66348\/&quot;,&quot;storyElementPosition&quot;:10,&quot;storyElementCount&quot;:18}}\" rel=\"nofollow noopener\" target=\"_blank\">Hanau<\/a> und Wetzlar. Die Belegschaft umfasst gegenw\u00e4rtig etwa 500 Mitarbeiter, die nun Anspruch auf Insolvenzgeld haben werden. S\u00e4mtliche Gesch\u00e4fte sollen vorerst ihren Betrieb fortsetzen.<\/p>\n<p>Insolvenz als Chance f\u00fcr Neustart \u2013 Unsicherheit auch bei drei Standorten in Hessen<img decoding=\"async\" class=\"id-RatioPlaceholder-element wv_story_el_image\" src=\"https:\/\/www.europesays.com\/de\/wp-content\/uploads\/2025\/07\/37854540-bevoelkerungsstatistik-2nfe.jpg\" loading=\"lazy\"   height=\"619\" width=\"1100\" alt=\"Bev&#xF6;lkerungsstatistik\"\/>Wie geht es weiter mit Pepco und seinen Filialen in Hessen? (Symbolbild) \u00a9\u00a0Jan Woitas\/dpa<\/p>\n<p class=\"id-StoryElement-paragraph\">Das Sortiment der Handelskette umfasst haupts\u00e4chlich Bekleidung sowie Spielwaren und Dekorationsartikel. Als Hauptkonkurrenten gelten Action und Tedi, welche beide in j\u00fcngster Zeit erheblich gewachsen sind. Auch Pepco hatte urspr\u00fcnglich eine Expansion geplant und vor zwei Jahren das Ziel ausgegeben, langfristig bis zu 2000 Standorte in Deutschland zu etablieren.<\/p>\n<p>Pepco in Hessen: Filialen bleiben w\u00e4hrend Sanierung ge\u00f6ffnet<\/p>\n<p class=\"id-StoryElement-paragraph\">Christian Stoffler, Sanierungsgesch\u00e4ftsf\u00fchrer der M\u00fcnchner Kanzlei Gerloff Liebler, \u00e4u\u00dferte sich optimistisch \u00fcber die Entwicklungsm\u00f6glichkeiten trotz der Herausforderungen im deutschen Einzelhandel. Der niederl\u00e4ndische Mutterkonzern hat zugesagt, den Sanierungsprozess der deutschen Tochtergesellschaft zu begleiten und die notwendige Finanzierung bereitzustellen.<\/p>\n<p class=\"id-StoryElement-paragraph\">Als vorl\u00e4ufiger Sachwalter wurde Gordon Geiser ernannt. Das Schutzschirmverfahren erm\u00f6glicht es \u00fcblicherweise, dass die bestehende Gesch\u00e4ftsleitung ihre T\u00e4tigkeit fortsetzt. Alle Filialen sollen bis auf Weiteres ge\u00f6ffnet bleiben. Verschiedene Medien hatten bereits zuvor \u00fcber die finanzielle Schieflage berichtet. Die Pepco Group ist in 18 europ\u00e4ischen Staaten t\u00e4tig und verf\u00fcgt \u00fcber rund 4000 Standorte mit mehr als 31.000 Angestellten. Der erste Pepco-Laden wurde 2004 in Polen er\u00f6ffnet. <\/p>\n","protected":false},"excerpt":{"rendered":"Startseite Region Hanau Stand: 29.07.2025, 04:42 Uhr Von: Florian D\u00f6rr DruckenTeilen Der Textil- und Spielwarenh\u00e4ndler Pepco Germany ist&hellip;\n","protected":false},"author":2,"featured_media":302037,"comment_status":"","ping_status":"","sticky":false,"template":"","format":"standard","meta":{"footnotes":""},"categories":[134],"tags":[175,170,169,29,30,171,174,173,172],"class_list":{"0":"post-302036","1":"post","2":"type-post","3":"status-publish","4":"format-standard","5":"has-post-thumbnail","7":"category-unternehmen-maerkte","8":"tag-business","9":"tag-companies","10":"tag-companies-markets","11":"tag-deutschland","12":"tag-germany","13":"tag-markets","14":"tag-maerkte","15":"tag-unternehmen","16":"tag-unternehmen-maerkte"},"share_on_mastodon":{"url":"https:\/\/pubeurope.com\/@de\/114934386738379285","error":""},"_links":{"self":[{"href":"https:\/\/www.europesays.com\/de\/wp-json\/wp\/v2\/posts\/302036","targetHints":{"allow":["GET"]}}],"collection":[{"href":"https:\/\/www.europesays.com\/de\/wp-json\/wp\/v2\/posts"}],"about":[{"href":"https:\/\/www.europesays.com\/de\/wp-json\/wp\/v2\/types\/post"}],"author":[{"embeddable":true,"href":"https:\/\/www.europesays.com\/de\/wp-json\/wp\/v2\/users\/2"}],"replies":[{"embeddable":true,"href":"https:\/\/www.europesays.com\/de\/wp-json\/wp\/v2\/comments?post=302036"}],"version-history":[{"count":0,"href":"https:\/\/www.europesays.com\/de\/wp-json\/wp\/v2\/posts\/302036\/revisions"}],"wp:featuredmedia":[{"embeddable":true,"href":"https:\/\/www.europesays.com\/de\/wp-json\/wp\/v2\/media\/302037"}],"wp:attachment":[{"href":"https:\/\/www.europesays.com\/de\/wp-json\/wp\/v2\/media?parent=302036"}],"wp:term":[{"taxonomy":"category","embeddable":true,"href":"https:\/\/www.europesays.com\/de\/wp-json\/wp\/v2\/categories?post=302036"},{"taxonomy":"post_tag","embeddable":true,"href":"https:\/\/www.europesays.com\/de\/wp-json\/wp\/v2\/tags?post=302036"}],"curies":[{"name":"wp","href":"https:\/\/api.w.org\/{rel}","templated":true}]}}