{"id":302321,"date":"2025-07-29T06:07:18","date_gmt":"2025-07-29T06:07:18","guid":{"rendered":"https:\/\/www.europesays.com\/de\/302321\/"},"modified":"2025-07-29T06:07:18","modified_gmt":"2025-07-29T06:07:18","slug":"der-boersen-tag-dienstag-29-juli-2025","status":"publish","type":"post","link":"https:\/\/www.europesays.com\/de\/302321\/","title":{"rendered":"Der B\u00f6rsen-Tag Dienstag, 29. Juli 2025"},"content":{"rendered":"<p>Der Wochenauftakt ist f\u00fcr den Dax in die Hose gegangen. Zwar war der deutsche B\u00f6rsenleitindex zun\u00e4chst fast ein Prozent geklettert, am Ende stand aber ein Minus von ein Prozent in den Handelsb\u00fcchern. Der Dax schloss zudem mit 23.970 Punkten unterhalb der 24.000er-Marke. Das Handelsabkommen der EU mit den USA kam nur auf den ersten Blick gut an, wie es im Markt hie\u00df. Am Ende habe das Unbehagen \u00fcberwogen. 15 Prozent auf alles, au\u00dfer Stahl und Aluminium, da sogar 50 Prozent, lautet die getroffene Vereinbarung.<\/p>\n<p> Nach den US-Handelsabkommen mit Japan und der EU liegt der Fokus nun auf einem Deal mit China: In Stockholm sollen heute die Handelsgespr\u00e4che zwischen den USA und China beendet werden. Es wird erwartet, dass das Stillhalteabkommen im Zollstreit um 90 Tage verl\u00e4ngert wird. In dieser Zeit w\u00fcrden die beiden gr\u00f6\u00dften Volkswirtschaften der Welt hohe gegenseitige Sonderz\u00f6lle weiter aussetzen. Bisher l\u00e4uft die Frist f\u00fcr Verhandlungen bis zum 12. August. Gr\u00f6\u00dfere Ann\u00e4herungen in den eigentlichen Kernstreitigkeiten werden nicht erwartet.<\/p>\n<p>Am heutigen Tag vor dem Zinsentscheid der US-Notenbank stehen zudem wichtige Daten zur Konsumstimmung der Amerikaner an. Experten erwarten, dass sich die Verbraucherlaune im Juli leicht aufgehellt haben d\u00fcrfte. Das vom Forschungsinstitut Conference Board erstellte Barometer d\u00fcrfte demnach auf 95,8 Punkte gestiegen sein, nach 93,0 Z\u00e4hlern im Juni.<\/p>\n<p>  <a title=\"BOEING CO. REGISTERED SHARES DL 5\" href=\"https:\/\/www.n-tv.de\/boersenkurse\/aktien\/boeing-US0970231058\" target=\"_blank\" rel=\"noopener\">  <img decoding=\"async\" src=\"https:\/\/www.europesays.com\/de\/wp-content\/uploads\/2025\/07\/1753769238_122_chartNG.gfn\" alt=\"Boeing\" class=\"space__strech lazyload\"\/>    <strong>Boeing<\/strong>  204,00  <\/a>  <\/p>\n<p> Unternehmensseitig blicken die Anleger zun\u00e4chst erneut auf den Autosektor, denn Stellantis legt seine endg\u00fcltigen Zahlen f\u00fcr das erste Halbjahr vor. Vorl\u00e4ufigen Daten zufolge hat der viertgr\u00f6\u00dfte Autobauer der Welt einen Nettoverlust von 2,3 Milliarden Euro verbucht, nach einem Gewinn von 5,6 Milliarden Euro im Vorjahreszeitraum. Als Gr\u00fcnde nannte das Unternehmen Belastungen durch US-Z\u00f6lle und Kosten f\u00fcr den Konzernumbau. Zudem brachen die Auslieferungen in Nordamerika im zweiten Quartal um ein Viertel ein. Spannend wird auch sein, wie der neue Konzernchef Antonio Filosa, der sein Amt vor einem Monat offiziell angetreten hat, das Handelsabkommen zwischen der EU und den USA kommentiert, das f\u00fcr Auto-Exporte in die USA einen Zoll von 15 Prozent vorsieht.<\/p>\n<p>Zudem geht es noch um <b>Boeing<\/b>. Der Airbus-Rivale ist immer noch im Krisenmodus. F\u00fcr die Produktion des Verkaufsschlagers Boeing 737 MAX gilt eine strikte Obergrenze, und bevor sie aufgehoben werden kann, will die Aufsichtsbeh\u00f6rde FAA die gesamte Lieferkette unter die Lupe nehmen. Doch Vorstandschef Kelly Ortberg hat neue Aufbruchstimmung erzeugt und die Verluste einged\u00e4mmt. Das d\u00fcrfte sich auch bei der Vorlage der Zahlen f\u00fcr das zweite Quartal zeigen. <\/p>\n","protected":false},"excerpt":{"rendered":"Der Wochenauftakt ist f\u00fcr den Dax in die Hose gegangen. Zwar war der deutsche B\u00f6rsenleitindex zun\u00e4chst fast ein&hellip;\n","protected":false},"author":2,"featured_media":302322,"comment_status":"","ping_status":"","sticky":false,"template":"","format":"standard","meta":{"footnotes":""},"categories":[134],"tags":[1752,175,87799,170,169,282,23532,29,30,32437,171,174,173,172],"class_list":{"0":"post-302321","1":"post","2":"type-post","3":"status-publish","4":"format-standard","5":"has-post-thumbnail","7":"category-unternehmen-maerkte","8":"tag-boersen-tag","9":"tag-business","10":"tag-chipindustrie-ausruester","11":"tag-companies","12":"tag-companies-markets","13":"tag-der","14":"tag-deutscher","15":"tag-deutschland","16":"tag-germany","17":"tag-gewinnprognose","18":"tag-markets","19":"tag-maerkte","20":"tag-unternehmen","21":"tag-unternehmen-maerkte"},"share_on_mastodon":{"url":"https:\/\/pubeurope.com\/@de\/114935027787328411","error":""},"_links":{"self":[{"href":"https:\/\/www.europesays.com\/de\/wp-json\/wp\/v2\/posts\/302321","targetHints":{"allow":["GET"]}}],"collection":[{"href":"https:\/\/www.europesays.com\/de\/wp-json\/wp\/v2\/posts"}],"about":[{"href":"https:\/\/www.europesays.com\/de\/wp-json\/wp\/v2\/types\/post"}],"author":[{"embeddable":true,"href":"https:\/\/www.europesays.com\/de\/wp-json\/wp\/v2\/users\/2"}],"replies":[{"embeddable":true,"href":"https:\/\/www.europesays.com\/de\/wp-json\/wp\/v2\/comments?post=302321"}],"version-history":[{"count":0,"href":"https:\/\/www.europesays.com\/de\/wp-json\/wp\/v2\/posts\/302321\/revisions"}],"wp:featuredmedia":[{"embeddable":true,"href":"https:\/\/www.europesays.com\/de\/wp-json\/wp\/v2\/media\/302322"}],"wp:attachment":[{"href":"https:\/\/www.europesays.com\/de\/wp-json\/wp\/v2\/media?parent=302321"}],"wp:term":[{"taxonomy":"category","embeddable":true,"href":"https:\/\/www.europesays.com\/de\/wp-json\/wp\/v2\/categories?post=302321"},{"taxonomy":"post_tag","embeddable":true,"href":"https:\/\/www.europesays.com\/de\/wp-json\/wp\/v2\/tags?post=302321"}],"curies":[{"name":"wp","href":"https:\/\/api.w.org\/{rel}","templated":true}]}}