{"id":302481,"date":"2025-07-29T07:38:35","date_gmt":"2025-07-29T07:38:35","guid":{"rendered":"https:\/\/www.europesays.com\/de\/302481\/"},"modified":"2025-07-29T07:38:35","modified_gmt":"2025-07-29T07:38:35","slug":"hauptbahnhof-essen-bundespolizei-beschlagnahmt-schmuck","status":"publish","type":"post","link":"https:\/\/www.europesays.com\/de\/302481\/","title":{"rendered":"Hauptbahnhof Essen: Bundespolizei beschlagnahmt Schmuck"},"content":{"rendered":"<p class=\"font-sans font-medium\">Essen. Ein Schmuckdieb ist am Wochenende am Essener Hauptbahnhof aufgegriffen worden. Der 37-J\u00e4hrige wirkte bei der Kontrolle sehr nerv\u00f6s. <\/p>\n<p>Die <a href=\"https:\/\/www.waz.de\/lokales\/essen\/blaulicht-in-essen\/\" target=\"_blank\" rel=\"nofollow noopener\">Polizei <\/a>hat am Sonntagmorgen einen 37-J\u00e4hrigen im Essener Hauptbahnhof kontrolliert, der sehr nerv\u00f6s wirkte. Sie fanden jede Menge Schmuck, den er nach eigenen Angaben gestohlen hatte. <\/p>\n<p><strong>Lesen Sie auch:<\/strong><\/p>\n<ul>\n<li>Die <strong>Lokalredaktion Essen<\/strong> ist auch <strong>bei WhatsApp<\/strong>! Abonnieren Sie hier unseren kostenlosen Kanal: <strong><a href=\"https:\/\/www.whatsapp.com\/channel\/0029VaNmPLK9xVJlCV8WcH2c\" target=\"_blank\" rel=\"nofollow noopener\">direkt zum Channel<\/a><\/strong>!<\/li>\n<\/ul>\n<p>Der Mann gab laut Polizei an, dass er keinen Ausweis dabei habe. Auf die Nachfrage, ob er gef\u00e4hrliche oder verbotene Gegenst\u00e4nde mitf\u00fchre, reagierte er nach Angaben der Beamten erneut nerv\u00f6s und z\u00f6gerte mit seinen Antworten. Daraufhin durchsuchten ihn die Uniformierten und fanden mehrere Uhren und Ketten. Zudem entdeckten sie zwei Fahrkarten, die auf einen anderen Namen ausgestellt waren. Auf Nachfrage zum Schmuck gab der Wohnungslose an, dass er diesen gestohlen habe. Die Fahrkarten hatte er angeblich gefunden.<\/p>\n<p>   37-J\u00e4hriger muss sich wegen Diebstahl verantworten  <\/p>\n<p>Die Bundespolizisten beschlagnahmten alle Gegenst\u00e4nde und \u00fcberpr\u00fcften die Fingerabdr\u00fccke des Verd\u00e4chtigen. Der 37-J\u00e4hrige muss sich jetzt wegen Diebstahl und Unterschlagung verantworten.<\/p>\n","protected":false},"excerpt":{"rendered":"Essen. Ein Schmuckdieb ist am Wochenende am Essener Hauptbahnhof aufgegriffen worden. Der 37-J\u00e4hrige wirkte bei der Kontrolle sehr&hellip;\n","protected":false},"author":2,"featured_media":302482,"comment_status":"","ping_status":"","sticky":false,"template":"","format":"standard","meta":{"footnotes":""},"categories":[1848],"tags":[3364,29,548,663,3934,3658,30,13,14,15,1209,12],"class_list":{"0":"post-302481","1":"post","2":"type-post","3":"status-publish","4":"format-standard","5":"has-post-thumbnail","7":"category-gelsenkirchen","8":"tag-de","9":"tag-deutschland","10":"tag-eu","11":"tag-europa","12":"tag-europe","13":"tag-gelsenkirchen","14":"tag-germany","15":"tag-headlines","16":"tag-nachrichten","17":"tag-news","18":"tag-nordrhein-westfalen","19":"tag-schlagzeilen"},"share_on_mastodon":{"url":"https:\/\/pubeurope.com\/@de\/114935385493582242","error":""},"_links":{"self":[{"href":"https:\/\/www.europesays.com\/de\/wp-json\/wp\/v2\/posts\/302481","targetHints":{"allow":["GET"]}}],"collection":[{"href":"https:\/\/www.europesays.com\/de\/wp-json\/wp\/v2\/posts"}],"about":[{"href":"https:\/\/www.europesays.com\/de\/wp-json\/wp\/v2\/types\/post"}],"author":[{"embeddable":true,"href":"https:\/\/www.europesays.com\/de\/wp-json\/wp\/v2\/users\/2"}],"replies":[{"embeddable":true,"href":"https:\/\/www.europesays.com\/de\/wp-json\/wp\/v2\/comments?post=302481"}],"version-history":[{"count":0,"href":"https:\/\/www.europesays.com\/de\/wp-json\/wp\/v2\/posts\/302481\/revisions"}],"wp:featuredmedia":[{"embeddable":true,"href":"https:\/\/www.europesays.com\/de\/wp-json\/wp\/v2\/media\/302482"}],"wp:attachment":[{"href":"https:\/\/www.europesays.com\/de\/wp-json\/wp\/v2\/media?parent=302481"}],"wp:term":[{"taxonomy":"category","embeddable":true,"href":"https:\/\/www.europesays.com\/de\/wp-json\/wp\/v2\/categories?post=302481"},{"taxonomy":"post_tag","embeddable":true,"href":"https:\/\/www.europesays.com\/de\/wp-json\/wp\/v2\/tags?post=302481"}],"curies":[{"name":"wp","href":"https:\/\/api.w.org\/{rel}","templated":true}]}}