{"id":302508,"date":"2025-07-29T07:52:11","date_gmt":"2025-07-29T07:52:11","guid":{"rendered":"https:\/\/www.europesays.com\/de\/302508\/"},"modified":"2025-07-29T07:52:11","modified_gmt":"2025-07-29T07:52:11","slug":"trump-erhoeht-druck-russland-droht-usa-mit-krieg-eskalation-in-ukraine-presseportal-magdeburg","status":"publish","type":"post","link":"https:\/\/www.europesays.com\/de\/302508\/","title":{"rendered":"Trump erh\u00f6ht Druck! Russland droht USA mit Krieg! Eskalation in Ukraine? \u2013 Presseportal Magdeburg"},"content":{"rendered":"<p>Das neue Ultimatum von US-Pr\u00e4sident Donald Trump in seinen Bem\u00fchungen um Frieden in der Ukraine hat in Moskau und Kiew gegens\u00e4tzliche Reaktionen hervorgerufen. Der ehemalige russische Pr\u00e4sident Dmitri Medwedew warnte vor einem Krieg zwischen Russland und den USA. Der ukrainische Staatschef Wolodymyr Selenskyj wertete Trumps Ank\u00fcndigung hingegen als Schritt auf dem Weg zu Frieden, der nur aus einer Position der St\u00e4rke heraus erreichbar sei.<\/p>\n<p>Trump hatte gestern w\u00e4hrend eines Treffens mit dem britischen Premierminister Keir Starmer verk\u00fcndet, den Druck auf den Kreml zu erh\u00f6hen. Er werde die Frist von 50 Tagen, nach deren Ablauf deutlich h\u00f6here Z\u00f6lle f\u00fcr Russlands Handelspartner drohen, auf \u00abzehn oder zw\u00f6lf\u00bb Tage reduzieren, sagte der 79-J\u00e4hrige. Die neue Zielmarke gelte \u00abab heute\u00bb (Montag), f\u00fcgte er hinzu. Damit verk\u00fcrzt sich die eigentlich auf Anfang September terminierte Frist f\u00fcr das Erreichen einer Waffenruhe oder einer Friedensvereinbarung auf nicht einmal zwei Wochen.<\/p>\n<p>Text\/Foto: Welt Nachrichtensender am 29. Juli 2025<\/p><\/p>\n","protected":false},"excerpt":{"rendered":"Das neue Ultimatum von US-Pr\u00e4sident Donald Trump in seinen Bem\u00fchungen um Frieden in der Ukraine hat in Moskau&hellip;\n","protected":false},"author":2,"featured_media":302509,"comment_status":"","ping_status":"","sticky":false,"template":"","format":"standard","meta":{"footnotes":""},"categories":[4013],"tags":[331,332,13,14,15,4043,4044,850,307,12],"class_list":{"0":"post-302508","1":"post","2":"type-post","3":"status-publish","4":"format-standard","5":"has-post-thumbnail","7":"category-russland","8":"tag-aktuelle-nachrichten","9":"tag-aktuelle-news","10":"tag-headlines","11":"tag-nachrichten","12":"tag-news","13":"tag-russia","14":"tag-russian-federation","15":"tag-russische-foederation","16":"tag-russland","17":"tag-schlagzeilen"},"share_on_mastodon":{"url":"https:\/\/pubeurope.com\/@de\/114935440547631723","error":""},"_links":{"self":[{"href":"https:\/\/www.europesays.com\/de\/wp-json\/wp\/v2\/posts\/302508","targetHints":{"allow":["GET"]}}],"collection":[{"href":"https:\/\/www.europesays.com\/de\/wp-json\/wp\/v2\/posts"}],"about":[{"href":"https:\/\/www.europesays.com\/de\/wp-json\/wp\/v2\/types\/post"}],"author":[{"embeddable":true,"href":"https:\/\/www.europesays.com\/de\/wp-json\/wp\/v2\/users\/2"}],"replies":[{"embeddable":true,"href":"https:\/\/www.europesays.com\/de\/wp-json\/wp\/v2\/comments?post=302508"}],"version-history":[{"count":0,"href":"https:\/\/www.europesays.com\/de\/wp-json\/wp\/v2\/posts\/302508\/revisions"}],"wp:featuredmedia":[{"embeddable":true,"href":"https:\/\/www.europesays.com\/de\/wp-json\/wp\/v2\/media\/302509"}],"wp:attachment":[{"href":"https:\/\/www.europesays.com\/de\/wp-json\/wp\/v2\/media?parent=302508"}],"wp:term":[{"taxonomy":"category","embeddable":true,"href":"https:\/\/www.europesays.com\/de\/wp-json\/wp\/v2\/categories?post=302508"},{"taxonomy":"post_tag","embeddable":true,"href":"https:\/\/www.europesays.com\/de\/wp-json\/wp\/v2\/tags?post=302508"}],"curies":[{"name":"wp","href":"https:\/\/api.w.org\/{rel}","templated":true}]}}