{"id":302612,"date":"2025-07-29T08:49:16","date_gmt":"2025-07-29T08:49:16","guid":{"rendered":"https:\/\/www.europesays.com\/de\/302612\/"},"modified":"2025-07-29T08:49:16","modified_gmt":"2025-07-29T08:49:16","slug":"luftbruecke-fuer-gaza-sicherheit-auf-bahnstrecken-neue-regeln-beim-handgepaeck-tagesschau-de","status":"publish","type":"post","link":"https:\/\/www.europesays.com\/de\/302612\/","title":{"rendered":"Luftbr\u00fccke f\u00fcr Gaza \/ Sicherheit auf Bahnstrecken \/ Neue Regeln beim Handgep\u00e4ck &#8211; tagesschau.de"},"content":{"rendered":"<ol>\n<li><a href=\"https:\/\/news.google.com\/rss\/articles\/CBMiuAFBVV95cUxNZVFpQ1RxWXhEY1hwLTRUb2pxRlpQcXloZ0RETzVCbzVIVVFVSlcxUm5mak5pVWVOLTlucHR5R1lhZ2wwek4xSm5CdHg2V3A1T0JjRWFCWHdKdi1zWlpLWndQMGtWaXZ1NTYzcnRib3JyVWNqSkR1a2tRODUyem1DNkY1OVl5WDZXVEgtNDdKMWtJNS16Ql9mUHBKYnJ3U2VxTk1TQVFLRUlsTWxFWGhWdGVYRVpkd29W?oc=5\" target=\"_blank\" rel=\"nofollow noopener\">Luftbr\u00fccke f\u00fcr Gaza \/ Sicherheit auf Bahnstrecken \/ Neue Regeln beim Handgep\u00e4ck<\/a>&nbsp;&nbsp;tagesschau.de<\/li>\n<li><a href=\"https:\/\/news.google.com\/rss\/articles\/CBMiugFBVV95cUxOLVI4Qi1fejNJRzZUU1hYWG5oUHA3YUpoTUJUeEFKNVVpQlZTOVVjYzFmNXZVOS13QlNJN2FwalE2Umo0OWdBTTY0VTBzcEtkaVYwekJMcHdYTnkzTFdLU09aYWNXazlINnFVWDNjUkN6bHpvLTlHc0p2ZlNFTS1nUHRBaWJTNzQ2SUhhU0NTc0FET3FPRy1fd2ExZV9RNGlublhxNjRsallscWZXc20xc0xuYjM3LURPWHfSAbgBQVVfeXFMTjQzbEZ0VnVHa1FicHgxUnJJbUNJSHBtSERGQ0l6QmZ6Q0o1cnhJamNsa05jVG5IMUlhcll6MmtQS1pnd2ZQSy11cDlkdUtXZzdSel9LR1QyRkltVzQwZUZ6NGhiVVYyeUZJZGp1RHpheDQ1QjFlN051QXk1ako5ZWQ2a0ROYWlrSlZxaUtLUWVaZHQtcm91RmlsU2h0Nk1ILWFvSTI3eVk4UjBXR2ZsV25sQURLUjg5TA?oc=5\" target=\"_blank\" rel=\"nofollow noopener\">Guten Morgen, NRW!<\/a>&nbsp;&nbsp;WDR<\/li>\n<li><a href=\"https:\/\/news.google.com\/rss\/articles\/CBMitwFBVV95cUxPekJWMWNfZHhjY1pGZ2JLTXRGbkFYV2NBLWloTVFPLWk5YjFmQnB3YVVlOWs0ZFpsZ01HZWZkcDlobXF1d1RaOFN2Q3o0a0V0dWZDWFM2S2ZIczVGdVNkMVZoSkJvOTUyUXE2OUl1alhaRDIzOEZKeWR6UmhDRURSSUdFSEdadmZDVGEzUENoUmJkaWtEdE5uaXp5MGNhMlZiX216eFNDTk5YSFdtZVMzeXRPNHJYWm8?oc=5\" target=\"_blank\" rel=\"nofollow noopener\">Gazastreifen &#8211; Kritik an Luftbr\u00fccken zur Versorgung der notleidenden Bev\u00f6lkerung h\u00e4lt an.<\/a>&nbsp;&nbsp;Deutschlandfunk<\/li>\n<li><a href=\"https:\/\/news.google.com\/rss\/articles\/CBMimwFBVV95cUxQTjgwSlNCRlBaczM3TzFQa3hEMmJMbmE5aTcyamVJLTluYzVQSUpQNnZSNDQzS2VLUThkOWhlbGJVVDNCNHFLMFFDYng1YVR1MnkxWXhfTmtyWkFweUQ4TUc2XzUxVk5pMFNMYkVKLTdjQTN3T25xa21YRHM2aVNWMlRZREsxYmxOMl8yMFM3dV9IVHNndlpINzBVaw?oc=5\" target=\"_blank\" rel=\"nofollow noopener\">Krieg in Gaza: Die Werte von gestern<\/a>&nbsp;&nbsp;DIE ZEIT<\/li>\n<li><a href=\"https:\/\/news.google.com\/rss\/articles\/CBMihwJBVV95cUxORTlfaUw4NWlvT2pWcXI0MHVUQzMtdG5vMS1Oa2VPZW16SDZ2Wkl4OTQ2YXZGRUJEdzJBX2VwazJkUFF4bUdGM1dnaVFDVUlyZ3FTeVBNdXhNcHN2cWRWTGZWX2tUNFRiU1AtcjJiV2NrSTh1eWZ6dUxqbW5mS2huV3VzY09DR05hc3EyMnhsX25jYTREa211WjZ6RUI3T2ZYMi1aYlU0ajdvaEVtQkpCNUZfdW4zVGszSXdOMmZDVTctaTZ3dU9qbkE4ZXVQN1hMYW1SWjR5dXJibngwREFVTlRBQXZtWVJJNUdfUlRkWW9LTGY3cjVaZ25PeWxpQlFnaVZ6bEtsNA?oc=5\" target=\"_blank\" rel=\"nofollow noopener\">Nahost-Konflikt: Bundesregierung startet Luftbr\u00fccke nach Gaza \u2013 Mehrheit der Deutschen f\u00fcr h\u00e4rteren Israel-Kurs<\/a>&nbsp;&nbsp;WELT<\/li>\n<\/ol>\n","protected":false},"excerpt":{"rendered":"Luftbr\u00fccke f\u00fcr Gaza \/ Sicherheit auf Bahnstrecken \/ Neue Regeln beim Handgep\u00e4ck&nbsp;&nbsp;tagesschau.de Guten Morgen, NRW!&nbsp;&nbsp;WDR Gazastreifen &#8211; Kritik&hellip;\n","protected":false},"author":2,"featured_media":302613,"comment_status":"","ping_status":"","sticky":false,"template":"","format":"standard","meta":{"footnotes":""},"categories":[3],"tags":[2547,47748,13,14,15,12,16992,10,8,9,11,103,104,15984],"class_list":{"0":"post-302612","1":"post","2":"type-post","3":"status-publish","4":"format-standard","5":"has-post-thumbnail","7":"category-welt","8":"tag-gaza-streifen","9":"tag-handgepaeck","10":"tag-headlines","11":"tag-nachrichten","12":"tag-news","13":"tag-schlagzeilen","14":"tag-ssv","15":"tag-top-news","16":"tag-top-meldungen","17":"tag-topmeldungen","18":"tag-topnews","19":"tag-welt","20":"tag-world","21":"tag-zugunglueck"},"share_on_mastodon":{"url":"https:\/\/pubeurope.com\/@de\/114935664888190258","error":""},"_links":{"self":[{"href":"https:\/\/www.europesays.com\/de\/wp-json\/wp\/v2\/posts\/302612","targetHints":{"allow":["GET"]}}],"collection":[{"href":"https:\/\/www.europesays.com\/de\/wp-json\/wp\/v2\/posts"}],"about":[{"href":"https:\/\/www.europesays.com\/de\/wp-json\/wp\/v2\/types\/post"}],"author":[{"embeddable":true,"href":"https:\/\/www.europesays.com\/de\/wp-json\/wp\/v2\/users\/2"}],"replies":[{"embeddable":true,"href":"https:\/\/www.europesays.com\/de\/wp-json\/wp\/v2\/comments?post=302612"}],"version-history":[{"count":0,"href":"https:\/\/www.europesays.com\/de\/wp-json\/wp\/v2\/posts\/302612\/revisions"}],"wp:featuredmedia":[{"embeddable":true,"href":"https:\/\/www.europesays.com\/de\/wp-json\/wp\/v2\/media\/302613"}],"wp:attachment":[{"href":"https:\/\/www.europesays.com\/de\/wp-json\/wp\/v2\/media?parent=302612"}],"wp:term":[{"taxonomy":"category","embeddable":true,"href":"https:\/\/www.europesays.com\/de\/wp-json\/wp\/v2\/categories?post=302612"},{"taxonomy":"post_tag","embeddable":true,"href":"https:\/\/www.europesays.com\/de\/wp-json\/wp\/v2\/tags?post=302612"}],"curies":[{"name":"wp","href":"https:\/\/api.w.org\/{rel}","templated":true}]}}