{"id":302620,"date":"2025-07-29T08:53:11","date_gmt":"2025-07-29T08:53:11","guid":{"rendered":"https:\/\/www.europesays.com\/de\/302620\/"},"modified":"2025-07-29T08:53:11","modified_gmt":"2025-07-29T08:53:11","slug":"wolfgang-rombey-ist-tot-aachener-zeitung","status":"publish","type":"post","link":"https:\/\/www.europesays.com\/de\/302620\/","title":{"rendered":"Wolfgang Rombey ist tot | Aachener Zeitung"},"content":{"rendered":"<p class=\"Paragraph_root__xJSDF Paragraph_default-lg-default__txMNQ articleParagraph\">Wolfgang Rombey, ehemaliger Dezernent f\u00fcr Bildung und Kultur, Schule, Jugend und Sport, der von 2006 bis zu seiner Pensionierung 2013 in Aachen wirkte, ist am vergangenen Wochenende in einer Klinik in Krefeld gestorben. Der Sozialdemokrat war vor seiner Zeit in Aachen lange Jahre als Stadtdirektor und Beigeordneter in M\u00f6nchengladbach t\u00e4tig, wo er auch seinen Lebensmittelpunkt hatte.<\/p>\n<p class=\"Paragraph_root__xJSDF Paragraph_default-lg-default__txMNQ articleParagraph\">In Aachen habe der Politiker \u201eeine wichtige Arbeit geleistet\u201c, im Bereich Kultur habe er ma\u00dfgeblich den Aufbau des Kulturbetriebs vorangetrieben, das erste kulturelle Leitprofil der Stadt mitentwickelt und die Chorbiennale initiiert, schrieb der Gr\u00fcnen-Politiker Hermann Josef Pilgram in seiner Beileidsbekundung auf Facebook. <\/p>\n<p class=\"Paragraph_root__xJSDF Paragraph_default-lg-default__txMNQ articleParagraph\">Geb\u00fcrtig stammte Wolfgang Rombey aus Odenkirchen. Nach dem Abitur begann er 1967 seine Laufbahn als Stadtinspektor-Anw\u00e4rter bei der Stadt Rheydt. Von 1976 bis 1983 wechselte er ins Kultusministerium NRW und war anschlie\u00dfend als Leiter des Ausschuss-Sekretariats f\u00fcr Schule, Kultur und Sport im D\u00fcsseldorfer Landtag t\u00e4tig. Wolfgang Rombey, der 77 Jahre alt wurde, hinterl\u00e4sst seine Frau und eine Tochter. <\/p>\n","protected":false},"excerpt":{"rendered":"Wolfgang Rombey, ehemaliger Dezernent f\u00fcr Bildung und Kultur, Schule, Jugend und Sport, der von 2006 bis zu seiner&hellip;\n","protected":false},"author":2,"featured_media":302621,"comment_status":"","ping_status":"","sticky":false,"template":"","format":"standard","meta":{"footnotes":""},"categories":[1853],"tags":[1424,3364,29,548,663,3934,30,13,14,15,1209,12],"class_list":{"0":"post-302620","1":"post","2":"type-post","3":"status-publish","4":"format-standard","5":"has-post-thumbnail","7":"category-aachen","8":"tag-aachen","9":"tag-de","10":"tag-deutschland","11":"tag-eu","12":"tag-europa","13":"tag-europe","14":"tag-germany","15":"tag-headlines","16":"tag-nachrichten","17":"tag-news","18":"tag-nordrhein-westfalen","19":"tag-schlagzeilen"},"share_on_mastodon":{"url":"https:\/\/pubeurope.com\/@de\/114935680696914873","error":""},"_links":{"self":[{"href":"https:\/\/www.europesays.com\/de\/wp-json\/wp\/v2\/posts\/302620","targetHints":{"allow":["GET"]}}],"collection":[{"href":"https:\/\/www.europesays.com\/de\/wp-json\/wp\/v2\/posts"}],"about":[{"href":"https:\/\/www.europesays.com\/de\/wp-json\/wp\/v2\/types\/post"}],"author":[{"embeddable":true,"href":"https:\/\/www.europesays.com\/de\/wp-json\/wp\/v2\/users\/2"}],"replies":[{"embeddable":true,"href":"https:\/\/www.europesays.com\/de\/wp-json\/wp\/v2\/comments?post=302620"}],"version-history":[{"count":0,"href":"https:\/\/www.europesays.com\/de\/wp-json\/wp\/v2\/posts\/302620\/revisions"}],"wp:featuredmedia":[{"embeddable":true,"href":"https:\/\/www.europesays.com\/de\/wp-json\/wp\/v2\/media\/302621"}],"wp:attachment":[{"href":"https:\/\/www.europesays.com\/de\/wp-json\/wp\/v2\/media?parent=302620"}],"wp:term":[{"taxonomy":"category","embeddable":true,"href":"https:\/\/www.europesays.com\/de\/wp-json\/wp\/v2\/categories?post=302620"},{"taxonomy":"post_tag","embeddable":true,"href":"https:\/\/www.europesays.com\/de\/wp-json\/wp\/v2\/tags?post=302620"}],"curies":[{"name":"wp","href":"https:\/\/api.w.org\/{rel}","templated":true}]}}