{"id":302625,"date":"2025-07-29T08:56:12","date_gmt":"2025-07-29T08:56:12","guid":{"rendered":"https:\/\/www.europesays.com\/de\/302625\/"},"modified":"2025-07-29T08:56:12","modified_gmt":"2025-07-29T08:56:12","slug":"hoehenrausch-garantiert-hochseilkunst-bei-der-seesause-salzgitter","status":"publish","type":"post","link":"https:\/\/www.europesays.com\/de\/302625\/","title":{"rendered":"H\u00f6henrausch garantiert: Hochseilkunst bei der Seesause Salzgitter"},"content":{"rendered":"<p>Das historische Programm &#8222;Monte Carlo&#8220;. | Foto: Geschwister Weisheit<\/p>\n<p class=\"datum\">29.07.2025, 10:25 Uhr<\/p>\n<p><strong>Salzgitter. Im August ist es wieder so weit \u2013 B\u00fcrger und G\u00e4ste erwartet die Seesause am Salzgittersee. Wie die Stadt nun in einer Pressemitteilung bekanntgibt, k\u00f6nnen sich die Besucher auf ein ganz besonderes Spektakel freuen, denn die ber\u00fchmte Hochseiltruppe &#8222;Geschwister Weisheit&#8220; aus der Partnerstadt Gotha wird mit mehreren Auftritten dabei sein.<br \/><\/strong><br \/>\n<\/p>\n<p>Als Highlight findet am Freitag, 22. August, um 16 Uhr auf der Liegewiese oberhalb der Wasserskianlage das historische Hochseilspektakel \u201eAnno dazumal\u201c statt \u2013 eine Erinnerung an die 125-j\u00e4hrige Familientradition der Truppe. Auf einem historisch gestalteten Seilger\u00e4t entf\u00fchren die Artisten die Besucher in das Flair der Stra\u00dfen- und Hochseilartistik um die Jahrhundertwende.<\/p>\n<p>\nAn der Reppnerschen Bucht erleben die Zuschauer an diesem Abend um 22 Uhr die Hochmastshow in 62 Meter H\u00f6he im Scheinwerferlicht. Natalia und Max Rudolf Weisheit werden abwechselnd die Mastspitze erklimmen und dem Publikum mit waghalsiger Kraftakrobatik den Atem rauben. Ob auf einem Bein oder auf den H\u00e4nden stehend, mit der lebenden Fahne oder der einarmigen St\u00fctzwaage begeistern sie ihr Publikum. \u00dcbrigens ist Natalia weltweit die einzige Frau, die auf einem bis zu 5 Meter schwankenden Mast in dieser H\u00f6he arbeitet. H\u00f6hepunkt der Darbietung und Markenzeichen der \u201eGeschwister Weisheit\u201c seit \u00fcber 60 Jahren ist das auf dem Mast gespielte Trompetensolo.<\/p>\n<p>Preisgekr\u00f6nte Hochseilshow und Hochmast-Motorradshow<\/p>\n<p>Am Samstag, 23. August, pr\u00e4sentieren die Artisten um 15.30 Uhr ihre in Monte Carlo preisgekr\u00f6nte Hochseilshow und nach der Siegerehrung des Salzig Bandcontests um zirka 22.30 Uhr die gro\u00dfe Hochmast-Motorrad-Nachtshow. Mit Action und Geschwindigkeit zeigen zehn Artisten auf drei Motorr\u00e4dern, hoch \u00fcber dem Festgel\u00e4nde, dass man auf Stahlseilen mehr als nur fahren kann. Die \u201eGeschwister Weisheit\u201c bieten akrobatische H\u00f6chstleistungen an und unter den Maschinen, bis in 40 Meter H\u00f6he. Zahnkraftakrobatik geh\u00f6rt ebenso dazu wie Handst\u00e4nde, St\u00fctzwaagen und die einzigartige Motorradpyramide mit vier Artisten an einem Motorrad. Dar\u00fcber hinaus gibt es neben Motocross und einer Fahrt im Handstand auf dem Lenker einer KTM RC 390 ein gro\u00dfes \u00dcberholungsrennen mit drei Motorr\u00e4dern auf drei nebeneinander gespannten Stahlseilen.<\/p>\n<p><a href=\"https:\/\/cdn.regionalheute.de\/images\/2025\/7\/1000\/6b406ec8e70c48b49c9e280c9a4b945b.JPG\" target=\"_new\" rel=\"nofollow noopener\"><img decoding=\"async\" src=\"https:\/\/www.europesays.com\/de\/wp-content\/uploads\/2025\/07\/6b406ec8e70c48b49c9e280c9a4b945b.JPG\" loading=\"lazy\" alt=\"Die Geschwister Weisheit bei einem Auftritt beim Salzfest Halle.\"\/><\/a><br \/>Die Geschwister Weisheit bei einem Auftritt beim Salzfest Halle. Foto: Geschwister WeisheitMotorradshow \u201eHoch \u00fcber den Tischreihen\u201c und mehr<\/p>\n<p>Am Sonntag, 24. August, erleben die Besucher um 12.30 Uhr an der Reppnerschen Bucht zum Stadtfr\u00fchst\u00fcck der B\u00fcrgerstiftung Salzgitter die Motorradshow \u201eHoch \u00fcber den Tischreihen\u201c. Dort geht es um 15.30 Uhr weiter mit einer Hochseilshow mit Fahrr\u00e4dern, Einr\u00e4dern und Pyramiden in 12 Meter H\u00f6he. Mit beeindruckenden Pyramiden, wie der Fahrrad-Spagat-Pyramide oder der Dreier-Fahrradpyramide, fesseln sie ihr Publikum. Auch die Artistenkinder stehen hier nicht zur\u00fcck. Die J\u00fcngsten, Charly (12), Lenny (11) und Ruby (7), zeigen in der bereits sechsten Generation, was sie schon alles gelernt haben. Und als kr\u00f6nenden Abschluss des Abends und der \u201eSeesause\u201c gibt es schlie\u00dflich die Hochmast-Motorradshow \u201e\u00dcber allen K\u00f6pfen\u201c. Hier zeigen die \u201eGeschwister Weisheit\u201c um 18.30 Uhr noch einmal ihr Artistikprogramm, das sie bereits am Morgen dieses Tages am gleichen Ort pr\u00e4sentiert haben.<\/p>\n<p>Weitere Informationen zur Seesause gibt es im <a class=\"redlink\" href=\"https:\/\/www.salzgitter.de\/veranstaltungskalender\/seesause-salzgittersee.php\" rel=\"nofollow noopener\" target=\"_blank\">Internet<\/a>.<\/p>\n","protected":false},"excerpt":{"rendered":"Das historische Programm &#8222;Monte Carlo&#8220;. | Foto: Geschwister Weisheit 29.07.2025, 10:25 Uhr Salzgitter. Im August ist es wieder&hellip;\n","protected":false},"author":2,"featured_media":302626,"comment_status":"","ping_status":"","sticky":false,"template":"","format":"standard","meta":{"footnotes":""},"categories":[1850],"tags":[6429,3364,29,548,663,3934,30,13,14,15,1411,12],"class_list":{"0":"post-302625","1":"post","2":"type-post","3":"status-publish","4":"format-standard","5":"has-post-thumbnail","7":"category-braunschweig","8":"tag-braunschweig","9":"tag-de","10":"tag-deutschland","11":"tag-eu","12":"tag-europa","13":"tag-europe","14":"tag-germany","15":"tag-headlines","16":"tag-nachrichten","17":"tag-news","18":"tag-niedersachsen","19":"tag-schlagzeilen"},"share_on_mastodon":{"url":"https:\/\/pubeurope.com\/@de\/114935692395211004","error":""},"_links":{"self":[{"href":"https:\/\/www.europesays.com\/de\/wp-json\/wp\/v2\/posts\/302625","targetHints":{"allow":["GET"]}}],"collection":[{"href":"https:\/\/www.europesays.com\/de\/wp-json\/wp\/v2\/posts"}],"about":[{"href":"https:\/\/www.europesays.com\/de\/wp-json\/wp\/v2\/types\/post"}],"author":[{"embeddable":true,"href":"https:\/\/www.europesays.com\/de\/wp-json\/wp\/v2\/users\/2"}],"replies":[{"embeddable":true,"href":"https:\/\/www.europesays.com\/de\/wp-json\/wp\/v2\/comments?post=302625"}],"version-history":[{"count":0,"href":"https:\/\/www.europesays.com\/de\/wp-json\/wp\/v2\/posts\/302625\/revisions"}],"wp:featuredmedia":[{"embeddable":true,"href":"https:\/\/www.europesays.com\/de\/wp-json\/wp\/v2\/media\/302626"}],"wp:attachment":[{"href":"https:\/\/www.europesays.com\/de\/wp-json\/wp\/v2\/media?parent=302625"}],"wp:term":[{"taxonomy":"category","embeddable":true,"href":"https:\/\/www.europesays.com\/de\/wp-json\/wp\/v2\/categories?post=302625"},{"taxonomy":"post_tag","embeddable":true,"href":"https:\/\/www.europesays.com\/de\/wp-json\/wp\/v2\/tags?post=302625"}],"curies":[{"name":"wp","href":"https:\/\/api.w.org\/{rel}","templated":true}]}}