{"id":302627,"date":"2025-07-29T08:57:10","date_gmt":"2025-07-29T08:57:10","guid":{"rendered":"https:\/\/www.europesays.com\/de\/302627\/"},"modified":"2025-07-29T08:57:10","modified_gmt":"2025-07-29T08:57:10","slug":"moenchengladbach-trauert-um-ehemaligen-stadtdirektor","status":"publish","type":"post","link":"https:\/\/www.europesays.com\/de\/302627\/","title":{"rendered":"M\u00f6nchengladbach trauert um ehemaligen Stadtdirektor"},"content":{"rendered":"<p class=\"text_ohne_einzug richtext text-em-55 !leading-serif mx-6 desktop:mx-0\">Die Stadt M\u00f6nchengladbach trauert um den ehemaligen Stadtdirektor, Beigeordneten und Pr\u00e4sidenten des Stadtsportbundes Wolfgang Rombey. Er verstarb am Wochenende im Alter von 77 Jahren. \u201eMit Wolfgang Rombey verliert M\u00f6nchengladbach eine ihrer pr\u00e4genden Pers\u00f6nlichkeiten der letzten Jahrzehnte. Als Stadtdirektor war er ein ebenso wichtiger wie gesch\u00e4tzter Gespr\u00e4chspartner innerhalb und au\u00dferhalb der Stadtverwaltung. Als Beigeordneter setze er in den Bereichen Schule, Sport und Kultur Impulse, die bis heute nachwirken&#8220;, fasst Oberb\u00fcrgermeister Felix Heinrichs das Wirken Rombeys zusammen. &#8222;Die Nachricht seines Todes macht mich sehr betroffen. Meine guten W\u00fcnsche und Gedanken sind in diesen Tagen bei seiner Familie und allen Angeh\u00f6rigen!&#8220;<\/p>\n","protected":false},"excerpt":{"rendered":"Die Stadt M\u00f6nchengladbach trauert um den ehemaligen Stadtdirektor, Beigeordneten und Pr\u00e4sidenten des Stadtsportbundes Wolfgang Rombey. Er verstarb am&hellip;\n","protected":false},"author":2,"featured_media":302628,"comment_status":"","ping_status":"","sticky":false,"template":"","format":"standard","meta":{"footnotes":""},"categories":[1849],"tags":[3364,29,548,663,3934,30,13,4455,14,15,1209,12],"class_list":{"0":"post-302627","1":"post","2":"type-post","3":"status-publish","4":"format-standard","5":"has-post-thumbnail","7":"category-moenchengladbach","8":"tag-de","9":"tag-deutschland","10":"tag-eu","11":"tag-europa","12":"tag-europe","13":"tag-germany","14":"tag-headlines","15":"tag-moenchengladbach","16":"tag-nachrichten","17":"tag-news","18":"tag-nordrhein-westfalen","19":"tag-schlagzeilen"},"share_on_mastodon":{"url":"https:\/\/pubeurope.com\/@de\/114935696336663706","error":""},"_links":{"self":[{"href":"https:\/\/www.europesays.com\/de\/wp-json\/wp\/v2\/posts\/302627","targetHints":{"allow":["GET"]}}],"collection":[{"href":"https:\/\/www.europesays.com\/de\/wp-json\/wp\/v2\/posts"}],"about":[{"href":"https:\/\/www.europesays.com\/de\/wp-json\/wp\/v2\/types\/post"}],"author":[{"embeddable":true,"href":"https:\/\/www.europesays.com\/de\/wp-json\/wp\/v2\/users\/2"}],"replies":[{"embeddable":true,"href":"https:\/\/www.europesays.com\/de\/wp-json\/wp\/v2\/comments?post=302627"}],"version-history":[{"count":0,"href":"https:\/\/www.europesays.com\/de\/wp-json\/wp\/v2\/posts\/302627\/revisions"}],"wp:featuredmedia":[{"embeddable":true,"href":"https:\/\/www.europesays.com\/de\/wp-json\/wp\/v2\/media\/302628"}],"wp:attachment":[{"href":"https:\/\/www.europesays.com\/de\/wp-json\/wp\/v2\/media?parent=302627"}],"wp:term":[{"taxonomy":"category","embeddable":true,"href":"https:\/\/www.europesays.com\/de\/wp-json\/wp\/v2\/categories?post=302627"},{"taxonomy":"post_tag","embeddable":true,"href":"https:\/\/www.europesays.com\/de\/wp-json\/wp\/v2\/tags?post=302627"}],"curies":[{"name":"wp","href":"https:\/\/api.w.org\/{rel}","templated":true}]}}