{"id":302721,"date":"2025-07-29T09:50:10","date_gmt":"2025-07-29T09:50:10","guid":{"rendered":"https:\/\/www.europesays.com\/de\/302721\/"},"modified":"2025-07-29T09:50:10","modified_gmt":"2025-07-29T09:50:10","slug":"boyens-medien-fatih-akin-zeigt-neuen-film-amrum-auf-filmfest-hamburg","status":"publish","type":"post","link":"https:\/\/www.europesays.com\/de\/302721\/","title":{"rendered":"Boyens Medien &#8211; Fatih Akin zeigt neuen Film \u00abAmrum\u00bb auf Filmfest Hamburg"},"content":{"rendered":"<p>Hamburg (dpa\/lno) &#8211;  Das Filmfest Hamburg hat in diesem Jahr wieder viele Welt- und Deutschlandpremieren im Programm. Eine davon ist der neue Film von Fatih Akin, wie das Festival mitteilte. Der 51-J\u00e4hrige hat gemeinsam mit dem Hamburger Drehbuchautor und Regisseur Hark Bohm dessen gleichnamigen Roman \u00abAmrum\u00bb verfilmt.\u00a0<\/p>\n<p>In den Hauptrollen spielen neben anderen Laura Tonke, Jasper Billerbeck, Diane Kruger, Matthias Schweigh\u00f6fer und Detlev Buck. Und auch der 86 Jahre alte Bohm stand bei den Dreharbeiten auf der s\u00fcdlich von Sylt liegenden Nordseeinsel vor der Kamera: als der alte Mann am Meer. Nach der Weltpremiere in Cannes im Mai feiert die Produktion nun in Hamburg ihre Deutschlandpremiere.<\/p>\n<p>\u00abDas Kino bleibt ein ewiges Mysterium\u00bb<\/p>\n<p>\u00abAmrum\u00bb erz\u00e4hlt die Geschichte des zw\u00f6lfj\u00e4hrigen Nanning, der in den letzten Kriegstagen des Jahres 1945 auf Amrum seiner Mutter hilft, die Familie zu ern\u00e4hren. \u00ab&#8220;Amrum&#8220; handelt von der Vertreibung aus dem Paradies. Dieser Film war eine Mission, eine Reise in die Tiefen meiner &#8222;Deutschen Seele&#8220;. Vielleicht die letzte Lektion, die mich Meister Hark Bohm gelehrt hat: Das Kino bleibt ein ewiges Mysterium\u00bb, sagte Akin dazu laut Mitteilung. Der Film soll am 9. Oktober in die Kinos kommen.<\/p>\n<p>Das Filmfest Hamburg, das in diesem Jahr am 25. September startet und bis zum 4. Oktober l\u00e4uft, will in dieser Zeit mehr als 120 Filme aus aller Welt in den f\u00fcnf Festivalkinos zeigen. F\u00fcr den 3. Oktober ist erneut der \u00abTag des freien Eintritts\u00bb geplant. In den Festivalkinos muss dann kein Eintritt gezahlt werden, in weiteren Kinos soll jeweils eine Filmvorf\u00fchrung kostenfrei sein.<\/p>\n","protected":false},"excerpt":{"rendered":"Hamburg (dpa\/lno) &#8211; Das Filmfest Hamburg hat in diesem Jahr wieder viele Welt- und Deutschlandpremieren im Programm. Eine&hellip;\n","protected":false},"author":2,"featured_media":302722,"comment_status":"","ping_status":"","sticky":false,"template":"","format":"standard","meta":{"footnotes":""},"categories":[1826],"tags":[29,22935,92,30,692,2549,93,4823],"class_list":{"0":"post-302721","1":"post","2":"type-post","3":"status-publish","4":"format-standard","5":"has-post-thumbnail","7":"category-hamburg","8":"tag-deutschland","9":"tag-fest-kultur","10":"tag-film","11":"tag-germany","12":"tag-hamburg","13":"tag-leute","14":"tag-literatur","15":"tag-meldung"},"share_on_mastodon":{"url":"https:\/\/pubeurope.com\/@de\/114935904621360376","error":""},"_links":{"self":[{"href":"https:\/\/www.europesays.com\/de\/wp-json\/wp\/v2\/posts\/302721","targetHints":{"allow":["GET"]}}],"collection":[{"href":"https:\/\/www.europesays.com\/de\/wp-json\/wp\/v2\/posts"}],"about":[{"href":"https:\/\/www.europesays.com\/de\/wp-json\/wp\/v2\/types\/post"}],"author":[{"embeddable":true,"href":"https:\/\/www.europesays.com\/de\/wp-json\/wp\/v2\/users\/2"}],"replies":[{"embeddable":true,"href":"https:\/\/www.europesays.com\/de\/wp-json\/wp\/v2\/comments?post=302721"}],"version-history":[{"count":0,"href":"https:\/\/www.europesays.com\/de\/wp-json\/wp\/v2\/posts\/302721\/revisions"}],"wp:featuredmedia":[{"embeddable":true,"href":"https:\/\/www.europesays.com\/de\/wp-json\/wp\/v2\/media\/302722"}],"wp:attachment":[{"href":"https:\/\/www.europesays.com\/de\/wp-json\/wp\/v2\/media?parent=302721"}],"wp:term":[{"taxonomy":"category","embeddable":true,"href":"https:\/\/www.europesays.com\/de\/wp-json\/wp\/v2\/categories?post=302721"},{"taxonomy":"post_tag","embeddable":true,"href":"https:\/\/www.europesays.com\/de\/wp-json\/wp\/v2\/tags?post=302721"}],"curies":[{"name":"wp","href":"https:\/\/api.w.org\/{rel}","templated":true}]}}