{"id":302761,"date":"2025-07-29T10:11:15","date_gmt":"2025-07-29T10:11:15","guid":{"rendered":"https:\/\/www.europesays.com\/de\/302761\/"},"modified":"2025-07-29T10:11:15","modified_gmt":"2025-07-29T10:11:15","slug":"schalke-04-praesentiert-kurucay-ex-braunschweiger-ist-abloesefrei","status":"publish","type":"post","link":"https:\/\/www.europesays.com\/de\/302761\/","title":{"rendered":"Schalke 04 pr\u00e4sentiert Kuru\u00e7ay: Ex-Braunschweiger ist abl\u00f6sefrei"},"content":{"rendered":"<p>Ex-Braunschweiger ist abl\u00f6sefrei\u00a0<\/p>\n<p>                                    <img decoding=\"async\" src=\"https:\/\/www.europesays.com\/de\/wp-content\/uploads\/2025\/07\/kurucay-hasan-braunschweig-2023-2024-1725646470-147415.jpg\" title=\"Schalke 04 pr\u00e4sentiert Kuru\u00e7ay: Ex-Braunschweiger ist abl\u00f6sefrei\" alt=\"Schalke 04 pr\u00e4sentiert Kuru\u00e7ay: Ex-Braunschweiger ist abl\u00f6sefrei\"\/><\/p>\n<p>\n                                       \u00a9IMAGO\n                                    <\/p>\n<p>Der <a title=\"FC Schalke 04\" href=\"https:\/\/www.transfermarkt.de\/fc-schalke-04\/startseite\/verein\/33\" rel=\"nofollow noopener\" target=\"_blank\">FC Schalke 04<\/a> hat wie erwartet Innenverteidiger <a title=\"Hasan Kuru\u00e7ay\" href=\"https:\/\/www.transfermarkt.de\/hasan-kurucay\/profil\/spieler\/292812\" rel=\"nofollow noopener\" target=\"_blank\">Hasan Kuru\u00e7ay<\/a> verpflichtet. Der 27-J\u00e4hrige, dessen Vertrag beim belgischen Erstligisten <a title=\"OH Leuven\" href=\"https:\/\/www.transfermarkt.de\/oud-heverlee-leuven\/transfers\/verein\/2727\/saison_id\/2025\" rel=\"nofollow noopener\" target=\"_blank\">OH Leuven<\/a> zum Ende der vergangenen Saison ausgelaufen war, ist abl\u00f6sefrei und unterschreibt bis zum 30. Juni 2027 in Gelsenkirchen. Er ist der vierte externe Neuzugang der K\u00f6nigsblauen f\u00fcr die am Wochenende startende Saison und davon der dritte, der im Abwehrzentrum eingesetzt werden kann.<\/p>\n<p><\/p>\n<p>\u201eMit Hasan verpflichten wir einen zweikampfstarken Innenverteidiger mit einer klaren K\u00f6rpersprache. Er f\u00fchlt sich als Rechtsfu\u00df auch auf der linken Innenverteidiger-Position sehr wohl und kennt die 2. Bundesliga. Mit diesem Gesamtpaket passt er zu uns\u201c, sagte Schalkes Profifu\u00dfball-Direktor Youri Mulder. Kuru\u00e7ay selbst meinte: \u201eIch habe in den vergangenen Wochen sehr gute Gespr\u00e4che mit den Schalker Verantwortlichen gef\u00fchrt. Nach meinen Erfahrungen aus der 2. Bundesliga und der Schalker Arena war f\u00fcr mich klar, dass ich hier spielen m\u00f6chte.\u201c<\/p>\n<p><\/p>\n<p>Der in D\u00e4nemark geborene fr\u00fchere t\u00fcrkische U-Nationalspieler war zwischen Januar 2023 und September 2024 44-mal f\u00fcr <a title=\"Eintracht Braunschweig\" href=\"https:\/\/www.transfermarkt.de\/eintracht-braunschweig\/startseite\/verein\/23\" rel=\"nofollow noopener\" target=\"_blank\">Eintracht Braunschweig<\/a> am Ball und kennt das deutsche Fu\u00dfball-Unterhaus damit bestens. F\u00fcr Leuven hatte Kuru\u00e7ay 2024\/25 26 Partien absolviert (zwei Tore). Er gesellt sich auf Schalke zu den Abwehrneuzug\u00e4ngen <a title=\"Nikola Katic\" href=\"https:\/\/www.transfermarkt.de\/nikola-katic\/profil\/spieler\/422051\" rel=\"nofollow noopener\" target=\"_blank\">Nikola Katic<\/a> (28), der f\u00fcr 450.000 Euro vom FC Z\u00fcrich kam, und <a title=\"Timo Becker\" href=\"https:\/\/www.transfermarkt.de\/timo-becker\/profil\/spieler\/282349\" rel=\"nofollow noopener\" target=\"_blank\">Timo Becker<\/a> (28), der abl\u00f6sefrei von Holstein Kiel zur\u00fcckkehrte. Zudem unterzeichnete Eigengew\u00e4chs <a title=\"Mertcan Ayhan\" href=\"https:\/\/www.transfermarkt.de\/mertcan-ayhan\/profil\/spieler\/969376\" rel=\"nofollow noopener\" target=\"_blank\">Mertcan Ayhan<\/a> (18) einen Profivertrag und gilt nach guter Vorbereitung als veritable Alternative f\u00fcr den Profikader.<\/p>\n<p><a href=\"https:\/\/www.transfermarkt.de\/fc-schalke-04\/detail\/forum\/16\" target=\"_blank\" rel=\"nofollow noopener\"><img loading=\"lazy\" decoding=\"async\" src=\"https:\/\/www.europesays.com\/de\/wp-content\/uploads\/2025\/04\/schalke-04-forum-banner-neu-1727094837-148894.jpg\" alt=\"\u00a9 tm\/imago - Hier \u00fcber den FC Schalke 04 mitdiskutieren (Link ins Forum)\" width=\"503\" height=\"148\"\/><\/a><\/p>\n<p>Der \u201eKicker\u201c hatte zuletzt noch gemutma\u00dft, Kuru\u00e7ays Transfer k\u00f6nnte finanziell an dem von St\u00fcrmer <a title=\"Pape Me\u00efssa Ba\" href=\"https:\/\/www.transfermarkt.de\/pape-meissa-ba\/profil\/spieler\/693637\" rel=\"nofollow noopener\" target=\"_blank\">Pape Me\u00efssa Ba<\/a> (28) zu den <a title=\"Queens Park Rangers\" href=\"https:\/\/www.transfermarkt.de\/queens-park-rangers\/startseite\/verein\/1039\" rel=\"nofollow noopener\" target=\"_blank\">Queens Park Rangers<\/a> h\u00e4ngen. Der sich anbahnende Wechsel des Senegalesen, erst im Januar aus Frankreich ins Revier gekommen, k\u00f6nne als T\u00fcr\u00f6ffner dahingehend gesehen werden. Die Londoner haben Ba bislang aber noch nicht als Neuzugang vorgestellt.<\/p>\n<p><\/p>\n","protected":false},"excerpt":{"rendered":"Ex-Braunschweiger ist abl\u00f6sefrei\u00a0 \u00a9IMAGO Der FC Schalke 04 hat wie erwartet Innenverteidiger Hasan Kuru\u00e7ay verpflichtet. Der 27-J\u00e4hrige, dessen&hellip;\n","protected":false},"author":2,"featured_media":302762,"comment_status":"","ping_status":"","sticky":false,"template":"","format":"standard","meta":{"footnotes":""},"categories":[5],"tags":[621,3158,87879,13,14,15,12527,12,10,8,9,11],"class_list":{"0":"post-302761","1":"post","2":"type-post","3":"status-publish","4":"format-standard","5":"has-post-thumbnail","7":"category-nachrichten","8":"tag-2-bundesliga","9":"tag-fc-schalke-04","10":"tag-hasan-kurucay","11":"tag-headlines","12":"tag-nachrichten","13":"tag-news","14":"tag-oud-heverlee-leuven","15":"tag-schlagzeilen","16":"tag-top-news","17":"tag-top-meldungen","18":"tag-topmeldungen","19":"tag-topnews"},"share_on_mastodon":{"url":"https:\/\/pubeurope.com\/@de\/114935987294924403","error":""},"_links":{"self":[{"href":"https:\/\/www.europesays.com\/de\/wp-json\/wp\/v2\/posts\/302761","targetHints":{"allow":["GET"]}}],"collection":[{"href":"https:\/\/www.europesays.com\/de\/wp-json\/wp\/v2\/posts"}],"about":[{"href":"https:\/\/www.europesays.com\/de\/wp-json\/wp\/v2\/types\/post"}],"author":[{"embeddable":true,"href":"https:\/\/www.europesays.com\/de\/wp-json\/wp\/v2\/users\/2"}],"replies":[{"embeddable":true,"href":"https:\/\/www.europesays.com\/de\/wp-json\/wp\/v2\/comments?post=302761"}],"version-history":[{"count":0,"href":"https:\/\/www.europesays.com\/de\/wp-json\/wp\/v2\/posts\/302761\/revisions"}],"wp:featuredmedia":[{"embeddable":true,"href":"https:\/\/www.europesays.com\/de\/wp-json\/wp\/v2\/media\/302762"}],"wp:attachment":[{"href":"https:\/\/www.europesays.com\/de\/wp-json\/wp\/v2\/media?parent=302761"}],"wp:term":[{"taxonomy":"category","embeddable":true,"href":"https:\/\/www.europesays.com\/de\/wp-json\/wp\/v2\/categories?post=302761"},{"taxonomy":"post_tag","embeddable":true,"href":"https:\/\/www.europesays.com\/de\/wp-json\/wp\/v2\/tags?post=302761"}],"curies":[{"name":"wp","href":"https:\/\/api.w.org\/{rel}","templated":true}]}}