{"id":303701,"date":"2025-07-29T18:43:12","date_gmt":"2025-07-29T18:43:12","guid":{"rendered":"https:\/\/www.europesays.com\/de\/303701\/"},"modified":"2025-07-29T18:43:12","modified_gmt":"2025-07-29T18:43:12","slug":"finn-wolfhard-spielt-auf-seiner-bevorstehenden-uk-tour-in-london","status":"publish","type":"post","link":"https:\/\/www.europesays.com\/de\/303701\/","title":{"rendered":"Finn Wolfhard spielt auf seiner bevorstehenden UK-Tour in London"},"content":{"rendered":"<p>\t\t\t\t\t\t\t\t\t\t\t\t\t\t\t\t\t\t\t\t\t\t<img loading=\"lazy\" decoding=\"async\" src=\"data:image\/svg+xml,%3Csvg%20xmlns=\" http:=\"\" class=\"img-fluid\" alt=\"Stranger Things-Star Finn Wolfhard l\u00e4sst sich beim Sundance-Festival fotografieren\" width=\"1024\" height=\"683\" data-lazy-src=\"https:\/\/www.europesays.com\/de\/wp-content\/uploads\/2025\/07\/GettyImages-2196068940-1024x683.jpg\"\/><br \/>\n\t\t\t\t\t\t\t\t\t\t\t\t\t\t\t\t\t\t\t\t\t\tFoto von Arturo Holmes\/Getty Images<\/p>\n<p>Finn Wolfhard ist vielleicht am besten f\u00fcr seine Arbeit auf dem Bildschirm in Filmen wie Stranger Things, den Ghostbusters-Remakes und It bekannt, aber der kanadische Schauspieler ist auch ein erfolgreicher Musiker, den ihr dieses Jahr in London erleben k\u00f6nnt.<\/p>\n<p>Mit der Ank\u00fcndigung der <strong> \u201aObjection!\u2018-Tour<\/strong> durch Europa wird Finn Wolfhard im Oktober auf den B\u00fchnen Gro\u00dfbritanniens und Irlands auftreten, darunter auch im Londoner Electric Brixton, wo er nach Shows in Manchester, Glasgow und Dublin die Tournee abschlie\u00dfen wird.<\/p>\n<blockquote class=\"instagram-media\" data-instgrm-permalink=\"https:\/\/www.instagram.com\/p\/DKk0MKOsvXS\/?utm_source=ig_embed&amp;utm_campaign=loading\" data-instgrm-version=\"14\" style=\" background:#FFF; border:0; border-radius:3px; box-shadow:0 0 1px 0 rgba(0,0,0,0.5),0 1px 10px 0 rgba(0,0,0,0.15); margin: 1px; max-width:540px; min-width:326px; padding:0; width:99.375%; width:-webkit-calc(100% - 2px); width:calc(100% - 2px);\"><\/blockquote>\n<p>Credit: @finnwolfhardofficial, via IG<\/p>\n<p>Die anstehenden Live-Shows kommen kurz nach der Ver\u00f6ffentlichung von Wolfhards Solo-Deb\u00fctalbum Happy Birthday , das Anfang letzten Monats erschienen ist. Es ist sein erstes Werk unter eigenem Namen, nachdem er zuvor als Frontmann der Bands <strong>Calpurnia<\/strong> und <strong>The Aubreys<\/strong> t\u00e4tig war. Es ist sein erstes Album seit \u201c Karaoke Alone\u201c der letztgenannten Band.<\/p>\n<p> Wie man Tickets f\u00fcr Finn Wolfhard bekommt <\/p>\n<p> Der allgemeine Vorverkauf f\u00fcr die Finn Wolfhard-Shows beginnt diesen Freitag, den 1. August um 10 Uhr, und Sie k\u00f6nnen <a href=\"https:\/\/dice.fm\/artist\/finn-wolfhard-6qaa7\" rel=\"nofollow noopener noreferrer\" target=\"_blank\" class=\"shortcode-outbound-link\" data-has-ga=\"true\" data-ga-type=\"click\" data-label=\"https:\/\/dice.fm\/artist\/finn-wolfhard-6qaa7\" data-action=\"text_cta_0\" data-category=\"click_non_sales\">sie auf DICE finden<\/a>. Es wird auch einen Vorverkauf f\u00fcr alle Shows geben, die am <strong>Mittwoch, den 30. Juli<\/strong>, zur gleichen Zeit stattfinden, und Sie k\u00f6nnen sich <a href=\"https:\/\/drop.cobrand.com\/d\/FinnWolfhard\/ukeufall\" rel=\"nofollow noopener noreferrer\" target=\"_blank\" class=\"shortcode-outbound-link\" data-has-ga=\"true\" data-ga-type=\"click\" data-label=\"https:\/\/drop.cobrand.com\/d\/FinnWolfhard\/ukeufall\" data-action=\"text_cta_1\" data-category=\"click_non_sales\">hier<\/a> f\u00fcr Ihre bevorzugte Show anmelden. Die Shows in Gro\u00dfbritannien und Irland folgen auf dem europ\u00e4ischen Festland, wo Wolfhard in Paris, Amsterdam, Berlin und K\u00f6ln auftreten wird.<\/p>\n<p> Finn Wolfhard UK &amp; Irland Tourdaten <\/p>\n<p> 12. Oktober \u2013 Manchester, Akademie 3<br \/>13. Oktober \u2013 Glasgow, King Tut\u2019s<br \/>14. Oktober \u2013 Dublin, Akademie Green Room<br \/><strong>16. Oktober \u2013 London, Electric Brixton<\/strong><\/p>\n<p>Tickets f\u00fcr Finn Wolfhards UK &amp; Irland Tournee gehen am 1. August in den allgemeinen Verkauf und sind <a href=\"https:\/\/dice.fm\/artist\/finn-wolfhard-6qaa7\" rel=\"nofollow noopener noreferrer\" target=\"_blank\" class=\"shortcode-outbound-link\" data-has-ga=\"true\" data-ga-type=\"click\" data-label=\"https:\/\/dice.fm\/artist\/finn-wolfhard-6qaa7\" data-action=\"text_cta_2\" data-category=\"click_non_sales\">hier<\/a> zu finden. <\/p>\n<p>\t\t\t\t<script async src=\"\/\/www.instagram.com\/embed.js\"><\/script><\/p>\n","protected":false},"excerpt":{"rendered":"Foto von Arturo Holmes\/Getty Images Finn Wolfhard ist vielleicht am besten f\u00fcr seine Arbeit auf dem Bildschirm in&hellip;\n","protected":false},"author":2,"featured_media":303702,"comment_status":"","ping_status":"","sticky":false,"template":"","format":"standard","meta":{"footnotes":""},"categories":[3976],"tags":[331,332,18864,13,18504,14,15,546,12,88034,3992,3993,3994,3995,3996,3997],"class_list":{"0":"post-303701","1":"post","2":"type-post","3":"status-publish","4":"format-standard","5":"has-post-thumbnail","7":"category-vereinigtes-koenigreich","8":"tag-aktuelle-nachrichten","9":"tag-aktuelle-news","10":"tag-autumn","11":"tag-headlines","12":"tag-indie","13":"tag-nachrichten","14":"tag-news","15":"tag-rock","16":"tag-schlagzeilen","17":"tag-small-gig","18":"tag-uk","19":"tag-united-kingdom","20":"tag-united-kingdom-of-great-britain-and-northern-ireland","21":"tag-vereinigtes-koenigreich","22":"tag-vereinigtes-koenigreich-grossbritannien-und-nordirland","23":"tag-vereinigtes-koenigreich-von-grossbritannien-und-nordirland"},"share_on_mastodon":{"url":"https:\/\/pubeurope.com\/@de\/114938000773648139","error":""},"_links":{"self":[{"href":"https:\/\/www.europesays.com\/de\/wp-json\/wp\/v2\/posts\/303701","targetHints":{"allow":["GET"]}}],"collection":[{"href":"https:\/\/www.europesays.com\/de\/wp-json\/wp\/v2\/posts"}],"about":[{"href":"https:\/\/www.europesays.com\/de\/wp-json\/wp\/v2\/types\/post"}],"author":[{"embeddable":true,"href":"https:\/\/www.europesays.com\/de\/wp-json\/wp\/v2\/users\/2"}],"replies":[{"embeddable":true,"href":"https:\/\/www.europesays.com\/de\/wp-json\/wp\/v2\/comments?post=303701"}],"version-history":[{"count":0,"href":"https:\/\/www.europesays.com\/de\/wp-json\/wp\/v2\/posts\/303701\/revisions"}],"wp:featuredmedia":[{"embeddable":true,"href":"https:\/\/www.europesays.com\/de\/wp-json\/wp\/v2\/media\/303702"}],"wp:attachment":[{"href":"https:\/\/www.europesays.com\/de\/wp-json\/wp\/v2\/media?parent=303701"}],"wp:term":[{"taxonomy":"category","embeddable":true,"href":"https:\/\/www.europesays.com\/de\/wp-json\/wp\/v2\/categories?post=303701"},{"taxonomy":"post_tag","embeddable":true,"href":"https:\/\/www.europesays.com\/de\/wp-json\/wp\/v2\/tags?post=303701"}],"curies":[{"name":"wp","href":"https:\/\/api.w.org\/{rel}","templated":true}]}}