{"id":303713,"date":"2025-07-29T18:52:17","date_gmt":"2025-07-29T18:52:17","guid":{"rendered":"https:\/\/www.europesays.com\/de\/303713\/"},"modified":"2025-07-29T18:52:17","modified_gmt":"2025-07-29T18:52:17","slug":"kitaplaetze-in-bonn-kommentar-zur-warteliste","status":"publish","type":"post","link":"https:\/\/www.europesays.com\/de\/303713\/","title":{"rendered":"Kitapl\u00e4tze in Bonn: Kommentar zur Warteliste"},"content":{"rendered":"<p>          Kommentar zur Warteliste f\u00fcr Kitapl\u00e4tze in Bonn        Sinkende Zahlen sind noch kein Anlass zur Freude<\/p>\n<p class=\"text-50 desktop:text-70 park-container-small px-6 mb-6\">Meinung | Bonn \u00b7 <strong data-cy=\"intro\">Die Zahl der Kinder unter sechs Jahren ist in Bonn gesunken. Damit gibt es auch weniger Druck auf die Kitas. Vermutlich steckt aber ein ungel\u00f6stes Wohnungsproblem dahinter, meint unsere Autorin. <\/strong><\/p>\n<p>                <img class=\"absolute inset-0 w-full h-full object-cover aspect-[16\/10] opacity-0 transition-opacity animated\" onload=\"this.style.opacity = '1';\" src=\"https:\/\/www.europesays.com\/de\/wp-content\/uploads\/2025\/07\/w2100_h1313_x1500_y1000_DPA_bfunk_dpa_5FB47800441BC21F-d994f4917cc4481d.jpg\"  alt=\"Spielendes Kind: In Bonn stehen noch 700 auf der Warteliste des Kita-Planers.\" fetchpriority=\"high\" decoding=\"async\" data-park-image-img=\"\"\/><\/p>\n","protected":false},"excerpt":{"rendered":"Kommentar zur Warteliste f\u00fcr Kitapl\u00e4tze in Bonn Sinkende Zahlen sind noch kein Anlass zur Freude Meinung | Bonn&hellip;\n","protected":false},"author":2,"featured_media":303714,"comment_status":"","ping_status":"","sticky":false,"template":"","format":"standard","meta":{"footnotes":""},"categories":[1842],"tags":[1741,3364,29,30,1209],"class_list":{"0":"post-303713","1":"post","2":"type-post","3":"status-publish","4":"format-standard","5":"has-post-thumbnail","7":"category-bonn","8":"tag-bonn","9":"tag-de","10":"tag-deutschland","11":"tag-germany","12":"tag-nordrhein-westfalen"},"share_on_mastodon":{"url":"https:\/\/pubeurope.com\/@de\/114938036112883154","error":""},"_links":{"self":[{"href":"https:\/\/www.europesays.com\/de\/wp-json\/wp\/v2\/posts\/303713","targetHints":{"allow":["GET"]}}],"collection":[{"href":"https:\/\/www.europesays.com\/de\/wp-json\/wp\/v2\/posts"}],"about":[{"href":"https:\/\/www.europesays.com\/de\/wp-json\/wp\/v2\/types\/post"}],"author":[{"embeddable":true,"href":"https:\/\/www.europesays.com\/de\/wp-json\/wp\/v2\/users\/2"}],"replies":[{"embeddable":true,"href":"https:\/\/www.europesays.com\/de\/wp-json\/wp\/v2\/comments?post=303713"}],"version-history":[{"count":0,"href":"https:\/\/www.europesays.com\/de\/wp-json\/wp\/v2\/posts\/303713\/revisions"}],"wp:featuredmedia":[{"embeddable":true,"href":"https:\/\/www.europesays.com\/de\/wp-json\/wp\/v2\/media\/303714"}],"wp:attachment":[{"href":"https:\/\/www.europesays.com\/de\/wp-json\/wp\/v2\/media?parent=303713"}],"wp:term":[{"taxonomy":"category","embeddable":true,"href":"https:\/\/www.europesays.com\/de\/wp-json\/wp\/v2\/categories?post=303713"},{"taxonomy":"post_tag","embeddable":true,"href":"https:\/\/www.europesays.com\/de\/wp-json\/wp\/v2\/tags?post=303713"}],"curies":[{"name":"wp","href":"https:\/\/api.w.org\/{rel}","templated":true}]}}