{"id":303748,"date":"2025-07-29T19:11:04","date_gmt":"2025-07-29T19:11:04","guid":{"rendered":"https:\/\/www.europesays.com\/de\/303748\/"},"modified":"2025-07-29T19:11:04","modified_gmt":"2025-07-29T19:11:04","slug":"gewalt-gegen-kinder-stuttgarterin-mahnt-wir-muessen-das-unvorstellbare-denken-stuttgart","status":"publish","type":"post","link":"https:\/\/www.europesays.com\/de\/303748\/","title":{"rendered":"Gewalt gegen Kinder: Stuttgarterin mahnt: \u201eWir m\u00fcssen das Unvorstellbare denken\u201c &#8211; Stuttgart"},"content":{"rendered":"<p>Der Kinderschutz hat gro\u00dfe L\u00fccken, sagt Miriam Hesse \u2013 und bel\u00e4sst es nicht dabei. Die Autorin mischt sich auch selbst ein, wenn sie sieht, dass ein Kind Gewalt ausgesetzt ist.<\/p>\n<p>Jugend\u00e4mter, Polizei und Familiengerichte m\u00fcssen an einem Strang ziehen, wenn es um den Schutz von Kindern vor sexuellem Missbrauch geht. Oft geschehe das nicht \u2013 so auch bei dem schockierenden Fall im badischen Staufen, sagt die Stuttgarter Autorin Miriam Hesse, die sich in das Thema vertieft hat. Sie pl\u00e4diert daf\u00fcr, sich einzumischen, wenn man sieht, dass Kinder Gewalt erfahren. Denn die ende nicht an der Wohnungst\u00fcr. <\/p>\n","protected":false},"excerpt":{"rendered":"Der Kinderschutz hat gro\u00dfe L\u00fccken, sagt Miriam Hesse \u2013 und bel\u00e4sst es nicht dabei. Die Autorin mischt sich&hellip;\n","protected":false},"author":2,"featured_media":303749,"comment_status":"","ping_status":"","sticky":false,"template":"","format":"standard","meta":{"footnotes":""},"categories":[1830],"tags":[1634,3364,29,30,2134,28432,1015,46751,3887,7174,1441],"class_list":{"0":"post-303748","1":"post","2":"type-post","3":"status-publish","4":"format-standard","5":"has-post-thumbnail","7":"category-stuttgart","8":"tag-baden-wuerttemberg","9":"tag-de","10":"tag-deutschland","11":"tag-germany","12":"tag-interview","13":"tag-jugendamt","14":"tag-justiz","15":"tag-kinderschutz","16":"tag-kindesmissbrauch","17":"tag-reportage","18":"tag-stuttgart"},"share_on_mastodon":{"url":"https:\/\/pubeurope.com\/@de\/114938110552124091","error":""},"_links":{"self":[{"href":"https:\/\/www.europesays.com\/de\/wp-json\/wp\/v2\/posts\/303748","targetHints":{"allow":["GET"]}}],"collection":[{"href":"https:\/\/www.europesays.com\/de\/wp-json\/wp\/v2\/posts"}],"about":[{"href":"https:\/\/www.europesays.com\/de\/wp-json\/wp\/v2\/types\/post"}],"author":[{"embeddable":true,"href":"https:\/\/www.europesays.com\/de\/wp-json\/wp\/v2\/users\/2"}],"replies":[{"embeddable":true,"href":"https:\/\/www.europesays.com\/de\/wp-json\/wp\/v2\/comments?post=303748"}],"version-history":[{"count":0,"href":"https:\/\/www.europesays.com\/de\/wp-json\/wp\/v2\/posts\/303748\/revisions"}],"wp:featuredmedia":[{"embeddable":true,"href":"https:\/\/www.europesays.com\/de\/wp-json\/wp\/v2\/media\/303749"}],"wp:attachment":[{"href":"https:\/\/www.europesays.com\/de\/wp-json\/wp\/v2\/media?parent=303748"}],"wp:term":[{"taxonomy":"category","embeddable":true,"href":"https:\/\/www.europesays.com\/de\/wp-json\/wp\/v2\/categories?post=303748"},{"taxonomy":"post_tag","embeddable":true,"href":"https:\/\/www.europesays.com\/de\/wp-json\/wp\/v2\/tags?post=303748"}],"curies":[{"name":"wp","href":"https:\/\/api.w.org\/{rel}","templated":true}]}}