{"id":303760,"date":"2025-07-29T19:17:13","date_gmt":"2025-07-29T19:17:13","guid":{"rendered":"https:\/\/www.europesays.com\/de\/303760\/"},"modified":"2025-07-29T19:17:13","modified_gmt":"2025-07-29T19:17:13","slug":"lucky-star-in-milbertshofen-muenchens-neuer-sozialer-spielplatz","status":"publish","type":"post","link":"https:\/\/www.europesays.com\/de\/303760\/","title":{"rendered":"&#8222;Lucky Star&#8220; in Milbertshofen: M\u00fcnchens neuer sozialer Spielplatz"},"content":{"rendered":"<p>Das ging schnell: In knapp zwei Monaten wurde aus der rund 40.000 Quadratmeter gro\u00dfen Baubrache hinter dem Hauptsitz von Knorr-Bremse in Milbertshofen der &#8222;Lucky Star&#8220;. So hei\u00dft die neuste Zwischennutzung aus dem Hause Michi Kern, inspiriert vom gleichnamigen Lied von Madonna.<\/p>\n<p>Ab August soll der &#8222;Social Playground&#8220;, also der soziale Spielplatz, wie ihn die Macher nennen, t\u00e4glich von 10 bis 22 Uhr ge\u00f6ffnet sein. Beim Besuch am Dienstag wird noch \u00fcberall gearbeitet.<\/p>\n<p><img decoding=\"async\" src=\"https:\/\/www.abendzeitung-muenchen.de\/design\/images\/muc_silhouette_short.svg\"\/><\/p>\n<p>     <img decoding=\"async\" loading=\"lazy\" src=\"https:\/\/www.europesays.com\/de\/wp-content\/uploads\/2025\/07\/1588277_artikelbild-75proz_1EyeMc_GyFLB7.jpg\" alt=\"Jan-Felix Jacob, Gesch\u00e4ftsf\u00fchrer der Opes-Immobiliengruppe (l.),mit dem M\u00fcnchner Zwischennutzungs-K\u00f6nig Michi Kern (r.) bei einem der Abg\u00e4nge zum &quot;Lucky Star&quot;, einer neuen Zwischennutzung in der Baugrube an der Moosacher Stra\u00dfe.\" title=\"Jan-Felix Jacob, Gesch\u00e4ftsf\u00fchrer der Opes-Immobiliengruppe (l.),mit dem M\u00fcnchner Zwischennutzungs-K\u00f6nig Michi Kern (r.) bei einem der Abg\u00e4nge zum &quot;Lucky Star&quot;, einer neuen Zwischennutzung in der Baugrube an der Moosacher Stra\u00dfe.\" width=\"609\" height=\"407\"\/><\/p>\n<p>      Jan-Felix Jacob, Gesch\u00e4ftsf\u00fchrer der Opes-Immobiliengruppe (l.),mit dem M\u00fcnchner Zwischennutzungs-K\u00f6nig Michi Kern (r.) bei einem der Abg\u00e4nge zum &#8222;Lucky Star&#8220;, einer neuen Zwischennutzung in der Baugrube an der Moosacher Stra\u00dfe.<br \/>\n      \u00a9 Jan Krattiger<\/p>\n<p>    Jan-Felix Jacob, Gesch\u00e4ftsf\u00fchrer der Opes-Immobiliengruppe (l.),mit dem M\u00fcnchner Zwischennutzungs-K\u00f6nig Michi Kern (r.) bei einem der Abg\u00e4nge zum &#8222;Lucky Star&#8220;, einer neuen Zwischennutzung in der Baugrube an der Moosacher Stra\u00dfe.<\/p>\n<p>von Jan Krattiger <\/p>\n<p>&#8222;}&#8220;&gt; <\/p>\n<p>&#8222;Funktioniert von einem Tag auf den anderen&#8220;: Was im &#8222;Lucky Star&#8220; im M\u00fcnchner Norden geplant ist<\/p>\n<p><b>Vor allem Sport wird dort geboten werden.<\/b> Die knallblauen Padel-Anlagen (eine Mischung aus Tennis und Squash) stehen bereits, auch der Automat zur Schl\u00e4ger-Ausleihe ist in Betrieb. Dazukommen werden noch St\u00fcck f\u00fcr St\u00fcck Basketball- und Fu\u00dfballfelder, Tischtennisplatten, Beachvolleyball und Boule-Bahnen.<\/p>\n<p>Der Vorteil davon, so findet Kern, der damit schon bei seinen anderen Zwischennutzungen wie zum Beispiel dem &#8222;Pineapple Park&#8220; an der Paketposthalle Erfahrungen gesammelt hat: &#8222;Das funktioniert von einem Tag auf den anderen. Wenn das steht, sind sofort die Kids da&#8220;, sagt Kern.<\/p>\n<p>     <img decoding=\"async\" loading=\"lazy\" src=\"https:\/\/www.europesays.com\/de\/wp-content\/uploads\/2025\/07\/1588274_artikelbild-75proz_1EyeSN_LSz2dx.jpg\" alt=\"Vor allem der Sport soll im \u201eLucky Star\u201c im Vordergrund stehen.\" title=\"Vor allem der Sport soll im \u201eLucky Star\u201c im Vordergrund stehen.\" width=\"609\" height=\"407\"\/><\/p>\n<p>      Vor allem der Sport soll im \u201eLucky Star\u201c im Vordergrund stehen.<br \/>\n      \u00a9 Jan Krattiger<\/p>\n<p>    Vor allem der Sport soll im \u201eLucky Star\u201c im Vordergrund stehen.<\/p>\n<p>von Jan Krattiger <\/p>\n<p>&#8222;}&#8220;&gt; <\/p>\n<p><b>All das findet sich dann in der Baugrube.<\/b> Zug\u00e4nge dazu gibt es an den R\u00e4ndern und \u00fcber dem namensgebenden, riesigen blauen Stern \u2013 der begehbaren Skulptur, die zum Flanieren einladen soll. Innerhalb des Sterns entsteht eine Eventfl\u00e4che, auf der auch mal Foodtrucks stehen sollen und ein <a href=\"https:\/\/www.abendzeitung-muenchen.de\/thema\/biergaerten\/\" target=\"_blank\" rel=\"noopener\">Biergarten<\/a>, bei dem man auch eine eigene Brotzeit mitbringen darf.<\/p>\n<p>&#8222;Sind kein Festivalgel\u00e4nde&#8220;: Was bei der Zwischennutzung &#8222;Lucky Star&#8220; geplant ist<\/p>\n<p>Dort sollen auch kleinere Konzerte stattfinden \u2013 nicht zu laut, wegen der Nachbarschaft. &#8222;Wir sind kein Festivalgel\u00e4nde&#8220;, betont Kern. &#8222;Aber wir brauchen in M\u00fcnchen eins&#8220;, f\u00fcgt er hinzu, ein kleiner Seitenhieb in Richtung Stadtpolitik.<\/p>\n<p>     <img decoding=\"async\" loading=\"lazy\" src=\"https:\/\/www.europesays.com\/de\/wp-content\/uploads\/2025\/07\/1583368_opes-das-anders-quartier-08-aerial-hr-03-desaturiert_artikelbild-75proz_1EtDPz_jzx5UH.jpg\" alt=\"40 Prozent der Wohnungen im Opes-Quartier werden Sozialwohnungen sein oder &quot;preisged\u00e4mpft&quot; angeboten.\" title=\"40 Prozent der Wohnungen im Opes-Quartier werden Sozialwohnungen sein oder &quot;preisged\u00e4mpft&quot; angeboten.\" width=\"609\" height=\"431\"\/><\/p>\n<p>      40 Prozent der Wohnungen im Opes-Quartier werden Sozialwohnungen sein oder &#8222;preisged\u00e4mpft&#8220; angeboten.<br \/>\n      \u00a9 Visualisierung XOIO<\/p>\n<p>    40 Prozent der Wohnungen im Opes-Quartier werden Sozialwohnungen sein oder &#8222;preisged\u00e4mpft&#8220; angeboten.<\/p>\n<p>von Visualisierung XOIO <\/p>\n<p>&#8222;}&#8220;&gt; <\/p>\n<p><b>Zwei Jahre lang soll der Stern &#8222;Lucky Star&#8220; im M\u00fcnchner Norden leuchten<\/b>. Dann fahren die Bagger auf, sofern alles nach Plan l\u00e4uft. Bis 2031 entsteht auf dem Areal das &#8222;Anders&#8220;, ein neues Quartier mit rund 500 Mietwohnungen und B\u00fcros. Rund 2000 bis 2.500 Personen werden dann auf dem Areal leben und arbeiten. Anfang 2026 soll nach Plan der Immobiliengruppe Opes daf\u00fcr die Baugenehmigung vorliegen.<\/p>\n<p>     <img decoding=\"async\" loading=\"lazy\" src=\"https:\/\/www.europesays.com\/de\/wp-content\/uploads\/2025\/07\/1588276_artikelbild-75proz_1EyeTh_h72Yme.jpg\" alt=\"An vielen Ecken wird auf der 40.000 Quadratmeter-Baugrube noch gearbeitet.\" title=\"An vielen Ecken wird auf der 40.000 Quadratmeter-Baugrube noch gearbeitet.\" width=\"609\" height=\"407\"\/><\/p>\n<p>      An vielen Ecken wird auf der 40.000 Quadratmeter-Baugrube noch gearbeitet.<br \/>\n      \u00a9 Jan Krattiger<\/p>\n<p>    An vielen Ecken wird auf der 40.000 Quadratmeter-Baugrube noch gearbeitet.<\/p>\n<p>von Jan Krattiger <\/p>\n<p>&#8222;}&#8220;&gt; <\/p>\n<p>&#8222;Beeindruckend&#8220; findet Opes-Chef Jan-Felix Jacob, &#8222;was hier in acht Wochen auf die Beine gestellt wurde&#8220;. Man sei &#8222;\u00fcber das normale Ma\u00df an Zusammenarbeit hinausgegangen&#8220;.<\/p>\n<p>Ab August: Sport und Kultur in der Riesen-Zwischennutzung &#8222;Lucky Star&#8220; in Milbertshofen<\/p>\n<p>Das kostet nat\u00fcrlich auch Geld. Wie viel, will Jacob nicht konkret sagen. Von &#8222;etwa 100.000 bis 200.000 Euro ohne den Stern&#8220; spricht Michi Kern. St\u00e4dtische Gelder gibt es f\u00fcr die Zwischennutzung nicht, man will die Kosten f\u00fcr den laufenden Betrieb \u00fcber Mieten und Veranstaltungen wieder reinholen. &#8222;Das tr\u00e4gt sich \u00fcber die zwei Jahre&#8220;, so Kern. Ideen gibt es viele f\u00fcr den &#8222;Lucky Star&#8220;, sogar tempor\u00e4res Wohnen war einmal angedacht \u2013 wurde aber wieder verworfen.<\/p>\n<p><b>Nach dem inoffiziellen Start geht es am 11. August richtig los<\/b> mit dem &#8222;Happy Family Village&#8220; mit Streetfood-St\u00e4nden, Kulturprogramm und H\u00fcpfburgen f\u00fcr Kinder. Das dauert bis zum 11. September. Dann gibt es eine kurze Abbaupause, bevor die Automobilmesse IAA losgeht. Dann wird <a href=\"https:\/\/www.abendzeitung-muenchen.de\/organisation\/bmw\/\" target=\"_blank\" rel=\"noopener\">BMW<\/a> Mini, ein langj\u00e4hriger Partner von Kern, im &#8222;Lucky Star&#8220; pr\u00e4sent sein.<\/p>\n<p>Mehr Informationen und Events <a href=\"https:\/\/das-anders-quartier.de\/lucky-star\" target=\"_blank\" title=\"https:\/\/das-anders-quartier.de\/lucky-star\" class=\"ext_links\" rel=\"noopener\">auf der offiziellen Webseite des &#8222;Lucky Star&#8220;<\/a>.\u00a0<\/p>\n","protected":false},"excerpt":{"rendered":"Das ging schnell: In knapp zwei Monaten wurde aus der rund 40.000 Quadratmeter gro\u00dfen Baubrache hinter dem Hauptsitz&hellip;\n","protected":false},"author":2,"featured_media":303761,"comment_status":"","ping_status":"","sticky":false,"template":"","format":"standard","meta":{"footnotes":""},"categories":[1827],"tags":[51741,772,29,30,82722,82723,82724,3178,1268,88036,37253,265,82719],"class_list":{"0":"post-303760","1":"post","2":"type-post","3":"status-publish","4":"format-standard","5":"has-post-thumbnail","7":"category-muenchen","8":"tag-padel","9":"tag-bayern","10":"tag-deutschland","11":"tag-germany","12":"tag-knorr-bremse","13":"tag-lucky-star","14":"tag-michi-kern","15":"tag-milbertshofen","16":"tag-muenchen","17":"tag-opes","18":"tag-pickleball","19":"tag-sport","20":"tag-zwischennutzung"},"share_on_mastodon":{"url":"https:\/\/pubeurope.com\/@de\/114938134249586164","error":""},"_links":{"self":[{"href":"https:\/\/www.europesays.com\/de\/wp-json\/wp\/v2\/posts\/303760","targetHints":{"allow":["GET"]}}],"collection":[{"href":"https:\/\/www.europesays.com\/de\/wp-json\/wp\/v2\/posts"}],"about":[{"href":"https:\/\/www.europesays.com\/de\/wp-json\/wp\/v2\/types\/post"}],"author":[{"embeddable":true,"href":"https:\/\/www.europesays.com\/de\/wp-json\/wp\/v2\/users\/2"}],"replies":[{"embeddable":true,"href":"https:\/\/www.europesays.com\/de\/wp-json\/wp\/v2\/comments?post=303760"}],"version-history":[{"count":0,"href":"https:\/\/www.europesays.com\/de\/wp-json\/wp\/v2\/posts\/303760\/revisions"}],"wp:featuredmedia":[{"embeddable":true,"href":"https:\/\/www.europesays.com\/de\/wp-json\/wp\/v2\/media\/303761"}],"wp:attachment":[{"href":"https:\/\/www.europesays.com\/de\/wp-json\/wp\/v2\/media?parent=303760"}],"wp:term":[{"taxonomy":"category","embeddable":true,"href":"https:\/\/www.europesays.com\/de\/wp-json\/wp\/v2\/categories?post=303760"},{"taxonomy":"post_tag","embeddable":true,"href":"https:\/\/www.europesays.com\/de\/wp-json\/wp\/v2\/tags?post=303760"}],"curies":[{"name":"wp","href":"https:\/\/api.w.org\/{rel}","templated":true}]}}