{"id":303766,"date":"2025-07-29T19:20:13","date_gmt":"2025-07-29T19:20:13","guid":{"rendered":"https:\/\/www.europesays.com\/de\/303766\/"},"modified":"2025-07-29T19:20:13","modified_gmt":"2025-07-29T19:20:13","slug":"bahnstrecke-zwischen-schwarzenbek-und-hamburg-bergedorf-gesperrt","status":"publish","type":"post","link":"https:\/\/www.europesays.com\/de\/303766\/","title":{"rendered":"Bahnstrecke zwischen Schwarzenbek und Hamburg-Bergedorf gesperrt"},"content":{"rendered":"<p>        <img decoding=\"async\" src=\"https:\/\/www.europesays.com\/de\/wp-content\/uploads\/2025\/07\/bahn2706.webp\" alt=\"Das Deutsche Bahn Logo auf der Seite eines ICE Wagons.\" title=\"Das Deutsche Bahn Logo auf der Seite eines ICE Wagons. | NDR, Pavel Stoyan\" class=\"responsive\"\/><\/p>\n<p>\n            Stand: 29.07.2025 21:12 Uhr<\/p>\n<p class=\"preface\">Polizei und ein Notarzt sind an der Bahnstrecke zwischen Hamburg-Bergedorf und Schwarzenbek im Einsatz. Reisende in Richtung Hamburg oder Berlin m\u00fcssen in Busse umsteigen. Auch die S2 ist betroffen.<\/p>\n<p class=\"\">\nWegen eines Polizeieinsatzes zwischen Schwarzenbek (<a href=\"https:\/\/www.ndr.de\/nachrichten\/schleswig-holstein\/Herzogtum-Lauenburg-Aktuelle-Nachrichten-und-Videos,herzogtumlauenburg126.html\" title=\"Herzogtum Lauenburg - Aktuelle Nachrichten und Videos\" target=\"_blank\" rel=\"noopener\">Kreis Herzogtum Lauenburg<\/a>) und Hamburg-Bergedorf ist am Dienstagabend (29.7.) die Bahnstrecke gesperrt worden. Betroffen seien sowohl Z\u00fcge in Richtung Hamburg als auch Berlin, sagte ein Sprecher der Bundespolizei. Nachfolgende Z\u00fcge warten laut einer Bahnsprecherin beziehungsweise werden umgeleitet. Den Angaben der Bundespolizei zufolge soll ein Zug einen Menschen auf den Gleisen bei Reinbek (<a href=\"https:\/\/www.ndr.de\/nachrichten\/schleswig-holstein\/Stormarn-Aktuelle-Nachrichten-und-Videos,stormarn148.html\" title=\"Stormarn - Aktuelle Nachrichten und Videos\" target=\"_blank\" rel=\"noopener\">Kreis Stormarn<\/a>) erfasst und t\u00f6dlich verletzt haben.\u00a0Die Kriminalpolizei ermittelt zum genauen Unfallhergang.<\/p>\n<p>    DB richtet Ersatzverkehr mit Bussen ein<\/p>\n<p class=\"\">\nDB Regio Schleswig-Holstein <a href=\"https:\/\/x.com\/DBRegio_SH\" title=\"DB Regio Schleswig-Holstein auf X\" class=\"js-link-dialog\" data-type=\"external\">teilte auf der Plattform X mit<\/a>, dass zwischen Schwarzenbek und Hamburg-Bergedorf ein Ersatzverkehr mit Bussen eingerichtet worden sei. Auf ihrer <a href=\"https:\/\/www.bahn.de\/service\/fahrplaene\/aktuell\" title=\"ob ihr Zug f\u00e4hrt.\" class=\"js-link-dialog\" data-type=\"external\" target=\"_blank\" rel=\"noopener\">Webseite<\/a> informiert die DB zudem, dass derzeit keine S2 zwischen Bergedorf und Aum\u00fchle f\u00e4hrt. Stattdessen gebe es hier einen Ersatzverkehr mit Bussen und Taxis. Wie lange die Sperrung dauert, konnte die DB nicht beantworten.<\/p>\n<p>        <img decoding=\"async\" src=\"https:\/\/www.europesays.com\/de\/wp-content\/uploads\/2025\/07\/1753816813_185_zug526.webp\" alt=\"&quot;Zug f\u00e4llt aus&quot; steht auf einer Anzeigetafel im Hauptbahnhof.\" title=\"Auf der Marschbahnstrecke zwischen Heide und Husum ist aktuell der Zugverkehr ausgefallen. Grund ist der Schaden an einer Klappbr\u00fccke.  | picture alliance\/dpa | Stefan Sauer, Stefan Sauer\" class=\"responsive\" loading=\"lazy\"\/><\/p>\n<p>Bei der Nordbahn und der DB fallen in SH einige Z\u00fcge aus. Die Fahrplan\u00e4nderungen und Schienenersatzverkehr im \u00dcberblick.<\/p>\n<p>Dieses Thema im Programm:<\/p>\n<p>                NDR 1 Welle Nord | Nachrichten f\u00fcr Schleswig-Holstein | 30.07.2025 | 06:00 Uhr<\/p>\n","protected":false},"excerpt":{"rendered":"Stand: 29.07.2025 21:12 Uhr Polizei und ein Notarzt sind an der Bahnstrecke zwischen Hamburg-Bergedorf und Schwarzenbek im Einsatz.&hellip;\n","protected":false},"author":2,"featured_media":303767,"comment_status":"","ping_status":"","sticky":false,"template":"","format":"standard","meta":{"footnotes":""},"categories":[1826],"tags":[1739,2226,2227,17934,296,29,30,5783,692,63045,6601,121,88037,1284,17911],"class_list":{"0":"post-303766","1":"post","2":"type-post","3":"status-publish","4":"format-standard","5":"has-post-thumbnail","7":"category-hamburg","8":"tag-bahn","9":"tag-bahnstrecke","10":"tag-bahnverkehr","11":"tag-bergedorf","12":"tag-berlin","13":"tag-deutschland","14":"tag-germany","15":"tag-gesperrt","16":"tag-hamburg","17":"tag-kreis-herzogtum-lauenburg","18":"tag-kreis-stormarn","19":"tag-polizei","20":"tag-schwarzenbek","21":"tag-unfall","22":"tag-zuege"},"share_on_mastodon":{"url":"https:\/\/pubeurope.com\/@de\/114938146251103985","error":""},"_links":{"self":[{"href":"https:\/\/www.europesays.com\/de\/wp-json\/wp\/v2\/posts\/303766","targetHints":{"allow":["GET"]}}],"collection":[{"href":"https:\/\/www.europesays.com\/de\/wp-json\/wp\/v2\/posts"}],"about":[{"href":"https:\/\/www.europesays.com\/de\/wp-json\/wp\/v2\/types\/post"}],"author":[{"embeddable":true,"href":"https:\/\/www.europesays.com\/de\/wp-json\/wp\/v2\/users\/2"}],"replies":[{"embeddable":true,"href":"https:\/\/www.europesays.com\/de\/wp-json\/wp\/v2\/comments?post=303766"}],"version-history":[{"count":0,"href":"https:\/\/www.europesays.com\/de\/wp-json\/wp\/v2\/posts\/303766\/revisions"}],"wp:featuredmedia":[{"embeddable":true,"href":"https:\/\/www.europesays.com\/de\/wp-json\/wp\/v2\/media\/303767"}],"wp:attachment":[{"href":"https:\/\/www.europesays.com\/de\/wp-json\/wp\/v2\/media?parent=303766"}],"wp:term":[{"taxonomy":"category","embeddable":true,"href":"https:\/\/www.europesays.com\/de\/wp-json\/wp\/v2\/categories?post=303766"},{"taxonomy":"post_tag","embeddable":true,"href":"https:\/\/www.europesays.com\/de\/wp-json\/wp\/v2\/tags?post=303766"}],"curies":[{"name":"wp","href":"https:\/\/api.w.org\/{rel}","templated":true}]}}