{"id":303769,"date":"2025-07-29T19:22:15","date_gmt":"2025-07-29T19:22:15","guid":{"rendered":"https:\/\/www.europesays.com\/de\/303769\/"},"modified":"2025-07-29T19:22:15","modified_gmt":"2025-07-29T19:22:15","slug":"fussball-news-rassismus-im-testspiel-union-distanziert-sich-von-fan","status":"publish","type":"post","link":"https:\/\/www.europesays.com\/de\/303769\/","title":{"rendered":"Fu\u00dfball News: Rassismus im Testspiel: Union distanziert sich von Fan"},"content":{"rendered":"<p>Beim Testspiel des <a href=\"https:\/\/www.news.de\/thema\/fussball\/1\/\" rel=\"nofollow noopener\" target=\"_blank\"><strong>Fu\u00dfball<\/strong><\/a>-Bundesligisten 1. FC Union Berlin gegen Drittliga-Aufsteiger 1. FC Schweinfurt 05 in Herzogenaurach ist es zu einem rassistischen Vorfall gekommen. Zuschauer berichteten, dass ein Fan einen Schweinfurter Spieler mit Rufen rassistisch beleidigt habe. Die Polizei-Leitstelle Mittelfranken machte zu dem Vorfall im Adi-Dassler-Stadion zun\u00e4chst keine konkreten Angaben.  <\/p>\n<p>Zingler: &#8222;Rassisten sind Idioten, auch wenn sie Union-Trikots tragen&#8220;<\/p>\n<p>Union-Pr\u00e4sident Dirk Zingler hingegen fand bereits klare Worte: &#8222;Rassisten sind Idioten &#8211; auch wenn sie Union-Trikots tragen. Wer Menschen herabw\u00fcrdigt, hat bei uns keinen Platz. Wer damit ein Problem hat, soll gehen. Union steht f\u00fcr Zusammenhalt, nicht f\u00fcr Hass.&#8220;  <\/p>\n<p>Das Spiel gewann Schweinfurt vor rund 300 Zuschauern mit 1:0 gegen die Berliner von Trainer Steffen Baumgart, Martin Thomann traf in der 81. Minute per Elfmeter f\u00fcr den Drittliga-Aufsteiger. Union h\u00e4lt sich noch bis Freitag in Franken im Trainingslager auf.  <\/p>\n<p>Noch mehr spannende Nachrichten \u00fcber den Fu\u00dfball lesen Sie hier:  <\/p>\n<p>        FOTOSTRECKE: Fu\u00dfball-Bundesliga: Die Trainer der 18 Vereine    <\/p>\n<p>        <a title=\"Die Trainer der 18 Vereine\" class=\"position-relative d-block iconmoon-overlay\" data-article-id=\"858820156\" href=\"https:\/\/www.news.de\/fotostrecke\/850720836\/fussball-bundesliga-die-trainer-der-18-vereine\/1\/\" rel=\"nofollow noopener\" target=\"_blank\"><img decoding=\"async\" src=\"https:\/\/www.europesays.com\/de\/wp-content\/uploads\/2025\/07\/vincent-kompany-fc-bayern-muenchen-seit-juli-_858075462_1200x675_04847e3e366bffd2a97c038e75c88fab.jp.jpeg\" loading=\"lazy\" class=\"img-cover\" alt=\"Vincent Kompany: FC Bayern M\u00fcnchen (seit Juli 2024) (Foto)\" title=\"Vincent Kompany: FC Bayern M\u00fcnchen (seit Juli 2024)\" width=\"1200\" height=\"675\"\/><\/a>        Bild:<br \/>\n            picture alliance\/dpa | Karl-Josef Hildenbrand<\/p>\n<p>Folgen Sie <a href=\"https:\/\/news.de\/\" target=\"_blank\" rel=\"nofollow noopener\"><strong>News.de<\/strong><\/a> schon bei <a href=\"https:\/\/www.facebook.com\/News.de\" rel=\"nofollow noopener\" target=\"_blank\"><strong>Facebook<\/strong><\/a>, <a href=\"https:\/\/www.youtube.com\/channel\/UCOzsvCb0KteNrzUboTonVYA\" rel=\"nofollow noopener\" target=\"_blank\"><strong>YouTube<\/strong><\/a> und WhatsApp? Hier finden Sie brandhei\u00dfe News, aktuelle Videos und den direkten Draht zur Redaktion.  <\/p>\n<p>+++ Redaktioneller Hinweis: Diese Meldung wurde basierend auf Material der Deutschen Presse-Agentur (dpa) erstellt. Bei Anmerkungen oder R\u00fcckfragen wenden Sie sich bitte an hinweis@news.de. +++  <\/p>\n<p><a href=\"https:\/\/www.news.de\/autor\/Sarah+Knauth\/\" rel=\"author nofollow noopener\" target=\"_blank\">kns<\/a>\/roj\/news.de<\/p>\n","protected":false},"excerpt":{"rendered":"Beim Testspiel des Fu\u00dfball-Bundesligisten 1. FC Union Berlin gegen Drittliga-Aufsteiger 1. FC Schweinfurt 05 in Herzogenaurach ist es&hellip;\n","protected":false},"author":2,"featured_media":303770,"comment_status":"","ping_status":"","sticky":false,"template":"","format":"standard","meta":{"footnotes":""},"categories":[1825],"tags":[1941,1939,296,1937,29,30,1940,1938,265],"class_list":{"0":"post-303769","1":"post","2":"type-post","3":"status-publish","4":"format-standard","5":"has-post-thumbnail","7":"category-berlin","8":"tag-aktuelle-nachrichten-aus-berlin","9":"tag-aktuelle-news-aus-berlin","10":"tag-berlin","11":"tag-berlin-news","12":"tag-deutschland","13":"tag-germany","14":"tag-nachrichten-aus-berlin","15":"tag-news-aus-berlin","16":"tag-sport"},"share_on_mastodon":{"url":"https:\/\/pubeurope.com\/@de\/114938153780611915","error":""},"_links":{"self":[{"href":"https:\/\/www.europesays.com\/de\/wp-json\/wp\/v2\/posts\/303769","targetHints":{"allow":["GET"]}}],"collection":[{"href":"https:\/\/www.europesays.com\/de\/wp-json\/wp\/v2\/posts"}],"about":[{"href":"https:\/\/www.europesays.com\/de\/wp-json\/wp\/v2\/types\/post"}],"author":[{"embeddable":true,"href":"https:\/\/www.europesays.com\/de\/wp-json\/wp\/v2\/users\/2"}],"replies":[{"embeddable":true,"href":"https:\/\/www.europesays.com\/de\/wp-json\/wp\/v2\/comments?post=303769"}],"version-history":[{"count":0,"href":"https:\/\/www.europesays.com\/de\/wp-json\/wp\/v2\/posts\/303769\/revisions"}],"wp:featuredmedia":[{"embeddable":true,"href":"https:\/\/www.europesays.com\/de\/wp-json\/wp\/v2\/media\/303770"}],"wp:attachment":[{"href":"https:\/\/www.europesays.com\/de\/wp-json\/wp\/v2\/media?parent=303769"}],"wp:term":[{"taxonomy":"category","embeddable":true,"href":"https:\/\/www.europesays.com\/de\/wp-json\/wp\/v2\/categories?post=303769"},{"taxonomy":"post_tag","embeddable":true,"href":"https:\/\/www.europesays.com\/de\/wp-json\/wp\/v2\/tags?post=303769"}],"curies":[{"name":"wp","href":"https:\/\/api.w.org\/{rel}","templated":true}]}}