{"id":30377,"date":"2025-04-14T04:22:16","date_gmt":"2025-04-14T04:22:16","guid":{"rendered":"https:\/\/www.europesays.com\/de\/30377\/"},"modified":"2025-04-14T04:22:16","modified_gmt":"2025-04-14T04:22:16","slug":"lok-report-ukraine-posthume-ehrung-fuer-getoeteten-lokfuehrerlehrling","status":"publish","type":"post","link":"https:\/\/www.europesays.com\/de\/30377\/","title":{"rendered":"LOK Report &#8211; Ukraine: Posthume Ehrung f\u00fcr get\u00f6teten Lokf\u00fchrerlehrling"},"content":{"rendered":"<p><img loading=\"lazy\" decoding=\"async\" src=\"https:\/\/www.europesays.com\/de\/wp-content\/uploads\/2025\/04\/ukr-2.jpg\" alt=\"ukr 2\" width=\"300\" height=\"180\" style=\"margin: 3px;\"\/><img loading=\"lazy\" decoding=\"async\" src=\"https:\/\/www.europesays.com\/de\/wp-content\/uploads\/2025\/04\/ukr-5.jpg\" alt=\"ukr 5\" width=\"300\" height=\"180\" style=\"margin: 3px;\"\/><\/p>\n<p>Am 11.04.2025 besuchten Oleks\u00ecj Kuleba, Vizepremierminister f\u00fcr den Wiederaufbau der Ukraine und Minister f\u00fcr die Entwicklung der Gemeinden und Territorien der Ukraine, und Oleksandr Momot, Leiter der Regionalabteilung &#8222;Pridniprovs\u02b9ka zaliznicja&#8220; der Ukrzaliznycja, das Lyzeum f\u00fcr Transport und Metallurgie in Krivij R\u00ecg. Die Ehreng\u00e4ste brachten eine Gedenktafel an der Fassade des Lyzeums an und legten eine Schweigeminute zum Gedenken an den Sch\u00fcler Konstantin N. ein. Am 4. April wurde Kostja bei einem russischen Raketenangriff auf Krivij R\u00ecg get\u00f6tet.<\/p>\n<p><img loading=\"lazy\" decoding=\"async\" src=\"https:\/\/www.europesays.com\/de\/wp-content\/uploads\/2025\/04\/ukr-4.jpg\" alt=\"ukr 4\" width=\"300\" height=\"180\" style=\"margin: 3px;\"\/><img loading=\"lazy\" decoding=\"async\" src=\"https:\/\/www.europesays.com\/de\/wp-content\/uploads\/2025\/04\/ukr-3.jpg\" alt=\"ukr 3\" width=\"300\" height=\"180\" style=\"margin: 3px;\"\/><\/p>\n<p>Konstantin N. war 16 Jahre alt. Er besuchte das Lyzeum f\u00fcr Transport und Metallurgie in Krivij R\u00ecg und wollte so schnell wie m\u00f6glich Lokf\u00fchrer werden, um seiner Schwester, seinem Bruder und seiner Tante, die ihn nach dem Tod seiner Eltern gro\u00dfgezogen hatten, helfen zu k\u00f6nnen.<\/p>\n<p><img loading=\"lazy\" decoding=\"async\" src=\"https:\/\/www.europesays.com\/de\/wp-content\/uploads\/2025\/04\/ukr-1.jpg\" alt=\"ukr 3\" width=\"300\" height=\"180\" style=\"margin: 3px;\"\/><\/p>\n<p>Auf Initiative des Managements der Ukrzaliznycja wurde der verstorbene Junge in die Gemeinschaft der Eisenbahner aufgenommen und erhielt posthum eine Urkunde als Hilfselektrolokomotivf\u00fchrer, ein Anerkennungsschreiben und eine Eisenbahner-M\u00fctze, wie sie der junge Mann gerne getragen h\u00e4tte. &#8222;Wir m\u00fcssen das Andenken an die Opfer dieses schrecklichen Krieges stets in Ehren halten und uns daran erinnern, zu welchem Preis unsere Freiheit jeden Tag erk\u00e4mpft wird. Lasst uns die Erinnerung an Kostja, der jetzt unser eiserner Engel geworden ist, lebendig halten&#8220;, dr\u00fcckte Lidija Gricenko, Direktorin des Projekts f\u00fcr die Bildung junger Talente, ihr Beileid aus.<\/p>\n<p>Die G\u00e4ste besuchten auch das k\u00fcrzlich im Lyzeum er\u00f6ffnete Ausbildungszentrum der Eisenbahnindustrie und machten sich mit den Ausbildungsbedingungen f\u00fcr k\u00fcnftige Eisenbahner sowie mit den neuesten Ger\u00e4ten und Maschinen vertraut.<\/p>\n<p>WKZ, Quelle Ukrzaliznycja<\/p>\n","protected":false},"excerpt":{"rendered":"Am 11.04.2025 besuchten Oleks\u00ecj Kuleba, Vizepremierminister f\u00fcr den Wiederaufbau der Ukraine und Minister f\u00fcr die Entwicklung der Gemeinden&hellip;\n","protected":false},"author":2,"featured_media":30378,"comment_status":"","ping_status":"","sticky":false,"template":"","format":"standard","meta":{"footnotes":""},"categories":[4012],"tags":[331,332,4031,4033,13,2776,2264,14,15,4032,12,2332,317,601],"class_list":{"0":"post-30377","1":"post","2":"type-post","3":"status-publish","4":"format-standard","5":"has-post-thumbnail","7":"category-ukraine","8":"tag-aktuelle-nachrichten","9":"tag-aktuelle-news","10":"tag-eisenbahn","11":"tag-ferroviaire","12":"tag-headlines","13":"tag-logistik","14":"tag-museum","15":"tag-nachrichten","16":"tag-news","17":"tag-railways","18":"tag-schlagzeilen","19":"tag-transport","20":"tag-ukraine","21":"tag-verkehr"},"share_on_mastodon":{"url":"https:\/\/pubeurope.com\/@de\/114334409969465870","error":""},"_links":{"self":[{"href":"https:\/\/www.europesays.com\/de\/wp-json\/wp\/v2\/posts\/30377","targetHints":{"allow":["GET"]}}],"collection":[{"href":"https:\/\/www.europesays.com\/de\/wp-json\/wp\/v2\/posts"}],"about":[{"href":"https:\/\/www.europesays.com\/de\/wp-json\/wp\/v2\/types\/post"}],"author":[{"embeddable":true,"href":"https:\/\/www.europesays.com\/de\/wp-json\/wp\/v2\/users\/2"}],"replies":[{"embeddable":true,"href":"https:\/\/www.europesays.com\/de\/wp-json\/wp\/v2\/comments?post=30377"}],"version-history":[{"count":0,"href":"https:\/\/www.europesays.com\/de\/wp-json\/wp\/v2\/posts\/30377\/revisions"}],"wp:featuredmedia":[{"embeddable":true,"href":"https:\/\/www.europesays.com\/de\/wp-json\/wp\/v2\/media\/30378"}],"wp:attachment":[{"href":"https:\/\/www.europesays.com\/de\/wp-json\/wp\/v2\/media?parent=30377"}],"wp:term":[{"taxonomy":"category","embeddable":true,"href":"https:\/\/www.europesays.com\/de\/wp-json\/wp\/v2\/categories?post=30377"},{"taxonomy":"post_tag","embeddable":true,"href":"https:\/\/www.europesays.com\/de\/wp-json\/wp\/v2\/tags?post=30377"}],"curies":[{"name":"wp","href":"https:\/\/api.w.org\/{rel}","templated":true}]}}