{"id":303777,"date":"2025-07-29T19:26:20","date_gmt":"2025-07-29T19:26:20","guid":{"rendered":"https:\/\/www.europesays.com\/de\/303777\/"},"modified":"2025-07-29T19:26:20","modified_gmt":"2025-07-29T19:26:20","slug":"berlin-reinickendorf-hebt-erste-unwettersperrungen-auf","status":"publish","type":"post","link":"https:\/\/www.europesays.com\/de\/303777\/","title":{"rendered":"Berlin-Reinickendorf hebt erste Unwettersperrungen auf"},"content":{"rendered":"<p class=\"tspBWlv\">Mehr als einen Monat <a href=\"https:\/\/www.tagesspiegel.de\/berlin\/die-baume-sind-umgefallen-wie-mikadostabchen-heftige-unwetterschaden-im-berliner-norden--reinickendorf-sperrt-alle-parks-und-spielplatze-13925935.html?icid=in-text-link_14101994\" class=\"link link--internal\" data-gtm-class=\"article-text-link\" data-gtm-val=\"internal\" target=\"_blank\" rel=\"noopener\">nach den heftigen Sommerst\u00fcrmen<\/a> hat der Berliner Bezirk Reinickendorf die <strong>ersten Sperrungen aufgehoben<\/strong>. Zwar d\u00fcrfen alle Parks und Spielpl\u00e4tze noch immer nicht betreten werden, viele Schulh\u00f6fe, Sportpl\u00e4tze und die meisten Friedh\u00f6fe hat das Bezirksamt aber inzwischen freigegeben. \u201eDas Stra\u00dfen- und Gr\u00fcnfl\u00e4chenamt arbeitet weiterhin mit allen verf\u00fcgbaren Mitteln an der Beseitigung der mehreren tausend Sch\u00e4den und Gefahrstellen\u201c, erkl\u00e4rte das Bezirksamt in einer Mitteilung am Montag.<\/p>\n<p><a href=\"https:\/\/www.tagesspiegel.de\/berlin\/bezirke\/reinickendorf\/ich-habe-hier-einen-fahrgast-der-ist-alt-und-blind-wie-die-bvg-einen-96-jahrigen-im-berliner-sturmchaos-rettete-13994498.html?icid=single-topic_14101994___\" data-gtm-class=\"article-mzt-link\" class=\"tspCOom\" target=\"_blank\" rel=\"noopener\">\u201eIch habe hier einen Fahrgast, der ist alt und blind\u201c Wie die BVG einen 96-J\u00e4hrigen im Berliner Sturmchaos rettete <\/a><\/p>\n<p class=\"tspBWlv\">Das Ausma\u00df der Sturmsch\u00e4den bringt den Bezirk nach eigenen Angaben in <strong>finanzielle Schwierigkeiten<\/strong>. Deshalb hat Reinickendorf inzwischen <a href=\"https:\/\/www.tagesspiegel.de\/berlin\/bezirke\/reinickendorf\/aus-eigener-kraft-nicht-stemmbar-mehr-als-1200-sturmschaden-im-norden-berlins--reinickendorf-fordert-soforthilfe-vom-senat-13998833.html?icid=in-text-link_14101994\" class=\"link link--internal\" data-gtm-class=\"article-text-link\" data-gtm-val=\"internal\" target=\"_blank\" rel=\"noopener\">Soforthilfe vom Land Berlin gefordert.<\/a> \u201eBeim Senat habe ich einen Antrag auf finanzielle Unterst\u00fctzung in H\u00f6he von <strong>4,1 Millionen Euro<\/strong> gestellt\u201c, erkl\u00e4rt Bezirksb\u00fcrgermeisterin Emine Demirb\u00fcken-Wegner (CDU) auf Anfrage des Tagesspiegels. Noch habe der Senat nicht endg\u00fcltig \u00fcber die Summe entschieden.<\/p>\n<p> Schon mehr als eine halbe Millionen Euro ausgegeben <\/p>\n<p class=\"tspBWlv\">Der Bezirk hat ihr zufolge schon etwa eine <strong>halbe Million Euro<\/strong> f\u00fcr die Beseitigung der Sturmsch\u00e4den ausgegeben. Wie viel die Aufr\u00e4umarbeiten am Ende kosten werden, l\u00e4sst sich nach Aussage der B\u00fcrgermeisterin noch nicht sagen. <\/p>\n<p class=\"tspBWlv\">Dies liege auch daran, so Demirb\u00fcken-Wegner, dass das Bezirksamt bei der Untersuchung eines Schadens regelm\u00e4\u00dfig weitere, bislang nicht erkannte Sch\u00e4den feststelle. Allein im <strong>Steinbergpark<\/strong>, der gr\u00f6\u00dften \u00f6ffentlichen Gr\u00fcnanlage, sch\u00e4tzte der Bezirk die Kosten f\u00fcr die <strong>Aufr\u00e4umarbeiten auf etwa eine Million Euro<\/strong>.<\/p>\n<p>Bezirke-Newsletter: Reinickendorf<\/p>\n<p><img decoding=\"async\" src=\"https:\/\/www.europesays.com\/de\/wp-content\/uploads\/2025\/04\/icon-reinickendorf.png\" alt=\"\" class=\"tspCAlu\"\/><\/p>\n<p class=\"tspCAm8\"> Mehr Neuigkeiten zum Bezirk gibt es in unserem Newsletter \u2014 jede Woche per E-Mail. <\/p>\n<p class=\"tspBWlv\">Die Sperrung der Parks, Spielpl\u00e4tze, Sportanlagen und Schulh\u00f6fe f\u00fchrte<a href=\"https:\/\/www.tagesspiegel.de\/berlin\/bezirke\/reinickendorf\/sturmschaden-im-berliner-norden-nicht-beseitigt-arger-um-gesperrte-parks-spielplatze-und-sportanlagen-14070377.html?icid=in-text-link_14101994\" class=\"link link--internal\" data-gtm-class=\"article-text-link\" data-gtm-val=\"internal\" target=\"_blank\" rel=\"noopener\"> zuletzt zu wachsendem Unmut.<\/a> Auch, weil in der Folge mehrere Gro\u00dfveranstaltungen wie das Tegeler Hafenfest oder das gro\u00dfe Familiensportfest der Sportvereine abgesagt werden mussten. <\/p>\n<p> Erste Sportpl\u00e4tze wieder freigegeben <\/p>\n<p class=\"tspBWlv\">Inzwischen sind nach Angaben des Bezirks die ersten Sportpl\u00e4tze wieder freigegeben, darunter zum Beispiel der <strong>Sportpark der F\u00fcchs<\/strong>e, die Anlagen rund um den <strong>Poloplatz in Frohnau<\/strong> oder die Fl\u00e4chen des <strong>Motorradclubs <\/strong>in der Scharnweberstra\u00dfe. <\/p>\n<p class=\"tspBWlv\">An den gro\u00dfen Sportpl\u00e4tzen in der <strong>Hatzfeldallee <\/strong>und in der <strong>G\u00f6schenstra\u00dfe<\/strong>, wo das abgesagte Sportfest stattfinden sollte, dauern die Aufr\u00e4umarbeiten demnach an. \u201eNach Begutachtung mit dem Steiger gibt es noch viele Sch\u00e4den im Kronenbereich\u201c, hie\u00df es aus dem Rathaus.<strong> Ende der Woche<\/strong> will der Bezirk die beiden Anlagen voraussichtlich wieder \u00f6ffnen.<\/p>\n<p> Diese Schulstandorte in Reinickendorf sind freigegeben: <\/p>\n<ul data-qa-hook=\"story-list-ul\" class=\"tspCLoc\">\n<li class=\"tspCLgd tspCLgd\">Reginhard-Grundschule<\/li>\n<li class=\"tspCLgd tspCLgd\">Mark-Twain-Grundschule<\/li>\n<li class=\"tspCLgd tspCLgd\">Peter-Witte-Grundschule<\/li>\n<li class=\"tspCLgd tspCLgd\">Ringelnatz-Grundschule<\/li>\n<li class=\"tspCLgd tspCLgd\">Borsigwalder Grundschule<\/li>\n<li class=\"tspCLgd tspCLgd\">Ellef-Ringes-Grundschule<\/li>\n<li class=\"tspCLgd tspCLgd\">Grundschule am Tegelschen Ort<\/li>\n<li class=\"tspCLgd tspCLgd\">M\u00fcnchhausen Grundschule<\/li>\n<li class=\"tspCLgd tspCLgd\">Gustav-Dreyer-Grundschule<\/li>\n<li class=\"tspCLgd tspCLgd\">Victor-Gollancz-Grundschule<\/li>\n<li class=\"tspCLgd tspCLgd\">Grundschule an den Rollbergen<\/li>\n<li class=\"tspCLgd tspCLgd\">Reinecke Fuchs-Grundschule<\/li>\n<li class=\"tspCLgd tspCLgd\">Ren\u00e9e-Sintenis Grundschule.<\/li>\n<li class=\"tspCLgd tspCLgd\">Schule am Park<\/li>\n<li class=\"tspCLgd tspCLgd\">Toulouse-Lautrec-Schule<\/li>\n<li class=\"tspCLgd tspCLgd\">Albrecht-Haushofer Schule (Filiale Kurzebracker Weg)<\/li>\n<li class=\"tspCLgd tspCLgd\">Friedrich-Engels-Gymnasium<\/li>\n<li class=\"tspCLgd tspCLgd\">Georg-Herwegh-Gymnasium<\/li>\n<li class=\"tspCLgd tspCLgd\">Romain-Rolland-Gymnasium<\/li>\n<\/ul>\n<p class=\"tspBWlv\">An allen weiteren Schulstandorten hat der Bezirk nach eigenen Angaben die Aufr\u00e4umarbeiten eingeleitet oder externe Dienstleister beauftragt.<\/p>\n<p class=\"tspBWlv\">Fast alle Friedh\u00f6fe sind bereits seit vergangener Woche wieder zug\u00e4nglich. Gesperrt ist aktuell <strong>nur noch der Friedhof in Heiligensee<\/strong>, der voraussichtlich zum Ende der Woche freigegeben werden soll. Trotz Ferien gehen die <a href=\"https:\/\/www.tagesspiegel.de\/berlin\/bezirke\/reinickendorf\/weitere-schulen-im-norden-berlins-schliessen-wegen-grosser-sturmschaden-fallt-in-reinickendorf-der-unterricht-aus-14003966.html?icid=in-text-link_14101994\" class=\"link link--internal\" data-gtm-class=\"article-text-link\" data-gtm-val=\"internal\" target=\"_blank\" rel=\"noopener\">Aufr\u00e4umarbeiten an den Schulen<\/a> weiter. Nicht wenige brauchen auch \u00fcber den Sommer Zugang zu ihren Geb\u00e4uden, zum Beispiel um eine Ferienbetreuung anzubieten. <\/p>\n<p> Was Reinickendorf heute bewegt <a href=\"https:\/\/www.tagesspiegel.de\/berlin\/neue-plane-fur-baugrube-im-markischen-viertel-hunderte-wohnungen-und-eine-italienische-piazza-sollen-im-berliner-norden-entstehen-14081243.html?icid=topic-list_14101994___\" data-gtm-class=\"article-mzt-link\" class=\"tspCOom\" target=\"_blank\" rel=\"noopener\">Neue Pl\u00e4ne f\u00fcr Baugrube im M\u00e4rkischen Viertel Hunderte Wohnungen und eine \u201eitalienische Piazza\u201c sollen im Berliner Norden entstehen <\/a><a href=\"https:\/\/www.tagesspiegel.de\/berlin\/kurioser-wechsel-in-die-siebte-klasse-clara-soll-auf-eine-schule-in-berlin-gehen-die-es-noch-nicht-gibt-14078822.html?icid=topic-list_14101994___\" data-gtm-class=\"article-mzt-link\" class=\"tspCOom\" target=\"_blank\" rel=\"noopener\">Kurioser Wechsel in die siebte Klasse Clara soll auf eine Schule in Berlin gehen, die es noch nicht gibt <\/a><a href=\"https:\/\/www.tagesspiegel.de\/berlin\/bezirke\/reinickendorf\/wir-brauchen-den-neubau-berliner-senat-lasst-grundschuler-aus-reinickendorf-im-regen-stehen-14064980.html?icid=topic-list_14101994___\" data-gtm-class=\"article-mzt-link\" class=\"tspCOom\" target=\"_blank\" rel=\"noopener\">\u201eWir brauchen den Neubau\u201c Berliner Senat l\u00e4sst Grundsch\u00fcler aus Reinickendorf im Regen stehen <\/a><\/p>\n<p class=\"tspBWlv\">Auch die <a href=\"https:\/\/www.tagesspiegel.de\/berlin\/bezirke\/neues-leben-fur-die-frohnauer-platze-berliner-architektin-setzt-werk-ihres-urgrossvaters-fort-12704561.html?icid=in-text-link_14101994\" class=\"link link--internal\" data-gtm-class=\"article-text-link\" data-gtm-val=\"internal\" target=\"_blank\" rel=\"noopener\">Sanierungsarbeiten am Zeltinger Platz in Frohnau<\/a> sind nach Angaben des Bezirks wieder angelaufen. Wegen der Sturmsch\u00e4den war die<strong> Instandsetzung der prominenten Pergola<\/strong> im Herzen der Gartenstadt unterbrochen worden. Um die aufwendigen Aufr\u00e4umarbeiten zu stemmen, hat das Bezirksamt j\u00fcngst <a href=\"https:\/\/www.tagesspiegel.de\/berlin\/bezirke\/reinickendorf\/sturmschaden-im-berliner-norden-nicht-beseitigt-arger-um-gesperrte-parks-spielplatze-und-sportanlagen-14070377.html?icid=in-text-link_14101994\" class=\"link link--internal\" data-gtm-class=\"article-text-link\" data-gtm-val=\"internal\" target=\"_blank\" rel=\"noopener\">bei den anderen Berliner Bezirken und der Bundeswehr<\/a> weiteres <strong>Personal und technisches Ger\u00e4t<\/strong> angefordert. <\/p>\n","protected":false},"excerpt":{"rendered":"Mehr als einen Monat nach den heftigen Sommerst\u00fcrmen hat der Berliner Bezirk Reinickendorf die ersten Sperrungen aufgehoben. Zwar&hellip;\n","protected":false},"author":2,"featured_media":303778,"comment_status":"","ping_status":"","sticky":false,"template":"","format":"standard","meta":{"footnotes":""},"categories":[1825],"tags":[5871,296,5006,685,31,29,30,952,2839,3573,966,383,4028,1973],"class_list":{"0":"post-303777","1":"post","2":"type-post","3":"status-publish","4":"format-standard","5":"has-post-thumbnail","7":"category-berlin","8":"tag-grundschule","9":"tag-berlin","10":"tag-bezirke","11":"tag-bundeswehr","12":"tag-cdu","13":"tag-deutschland","14":"tag-germany","15":"tag-klimawandel","16":"tag-kommunalpolitik","17":"tag-reinickendorf","18":"tag-schule","19":"tag-umwelt","20":"tag-unwetter","21":"tag-wetter"},"share_on_mastodon":{"url":"https:\/\/pubeurope.com\/@de\/114938169658509450","error":""},"_links":{"self":[{"href":"https:\/\/www.europesays.com\/de\/wp-json\/wp\/v2\/posts\/303777","targetHints":{"allow":["GET"]}}],"collection":[{"href":"https:\/\/www.europesays.com\/de\/wp-json\/wp\/v2\/posts"}],"about":[{"href":"https:\/\/www.europesays.com\/de\/wp-json\/wp\/v2\/types\/post"}],"author":[{"embeddable":true,"href":"https:\/\/www.europesays.com\/de\/wp-json\/wp\/v2\/users\/2"}],"replies":[{"embeddable":true,"href":"https:\/\/www.europesays.com\/de\/wp-json\/wp\/v2\/comments?post=303777"}],"version-history":[{"count":0,"href":"https:\/\/www.europesays.com\/de\/wp-json\/wp\/v2\/posts\/303777\/revisions"}],"wp:featuredmedia":[{"embeddable":true,"href":"https:\/\/www.europesays.com\/de\/wp-json\/wp\/v2\/media\/303778"}],"wp:attachment":[{"href":"https:\/\/www.europesays.com\/de\/wp-json\/wp\/v2\/media?parent=303777"}],"wp:term":[{"taxonomy":"category","embeddable":true,"href":"https:\/\/www.europesays.com\/de\/wp-json\/wp\/v2\/categories?post=303777"},{"taxonomy":"post_tag","embeddable":true,"href":"https:\/\/www.europesays.com\/de\/wp-json\/wp\/v2\/tags?post=303777"}],"curies":[{"name":"wp","href":"https:\/\/api.w.org\/{rel}","templated":true}]}}