{"id":303779,"date":"2025-07-29T19:27:13","date_gmt":"2025-07-29T19:27:13","guid":{"rendered":"https:\/\/www.europesays.com\/de\/303779\/"},"modified":"2025-07-29T19:27:13","modified_gmt":"2025-07-29T19:27:13","slug":"nach-baby-so-hat-katharina-eisenblut-21-kilo-abgenommen","status":"publish","type":"post","link":"https:\/\/www.europesays.com\/de\/303779\/","title":{"rendered":"Nach Baby: So hat Katharina Eisenblut 21 Kilo abgenommen"},"content":{"rendered":"<p>Nach Baby Nummer zwei<\/p>\n<p>So hat Katharina Eisenblut 21 Kilo abgenommen<\/p>\n<p><img decoding=\"async\" data-hk=\"008350a12011002010\" loading=\"lazy\" src=\"https:\/\/www.europesays.com\/de\/wp-content\/uploads\/2025\/07\/1753817232_174_eb95bbeb-15f1-4b2e-a856-ce7b73cf36a1.667db21d-9182-4f29-8fb8-c434f6948828.jpg\" alt=\"privat\" width=\"48\" height=\"48\"\/>Ina Milertvon <a href=\"https:\/\/www.bunte.de\/authorprofile\/ina-milert\" rel=\"nofollow noopener\" target=\"_blank\">Ina Milert<\/a><\/p>\n<p>29.07.2025, 19:45 Uhr<\/p>\n<p>29. Juli 2025 um 19:45 Uhr<\/p>\n<p>Ex-DSDS-S\u00e4ngerin Katharina Eisenblut nimmt nach der Geburt ihres zweiten Kindes in nur drei Monaten 21 Kilo ab \u2013 so gelang ihr der Wandel.<\/p>\n<p>Vorher-Nachher-Bild zeigt Katharina Eisenbluts Gewichtsverlust<\/p>\n<p>Auf Instagram teilte sie eindrucksvoll den Fortschritt mit ihren rund 370.000 Followern. Ein Vorher-Nachher-Bild macht die Verwandlung deutlich: Vor der Schwangerschaft wog sie 77 Kilo, aktuell sind es nur noch 59. Dazu gab sie erste Einblicke, wie sie diesen schnellen Erfolg erzielen konnte.<\/p>\n<p>ANZEIGE<img decoding=\"async\" data-hk=\"008350a1903004010\" loading=\"lazy\"  src=\"https:\/\/www.europesays.com\/de\/wp-content\/uploads\/2025\/07\/1753817233_375_d7ae67b3-69ba-4905-98c4-7a9a4c5f1943.f8c592fa-522d-47de-851a-f44edfa79657.jpg\"  alt=\"Ex-DSDS-S\u00e4ngerin Katharina Eisenblut \" width=\"1079\" height=\"720\"\/> Ex-DSDS-S\u00e4ngerin Katharina Eisenblut nimmt \u00fcber 20 Kilo ab.  instagram.com\/katharina_eisenblut_offiziell <\/p>\n<p>Katharina nannte dabei eine Kombination aus gezielter Ern\u00e4hrung, Saftkuren und sportlicher Bet\u00e4tigung als Schl\u00fcsselfaktoren. Zudem setzt sie auf eine App, die sie bei der Umsetzung ihres Abnehmplans unterst\u00fctzt. Und schon bald gibt es eine weitere Belohnung f\u00fcr ihre neue Figur: Sie wird ein neues Musikvideo drehen.<\/p>\n<p>Nun kann sie die Zeit mit ihrer Familie endlich sorgenfrei genie\u00dfen.<\/p>\n<p><script async src=\"\/\/www.instagram.com\/embed.js\"><\/script><\/p>\n","protected":false},"excerpt":{"rendered":"Nach Baby Nummer zwei So hat Katharina Eisenblut 21 Kilo abgenommen Ina Milertvon Ina Milert 29.07.2025, 19:45 Uhr&hellip;\n","protected":false},"author":2,"featured_media":303196,"comment_status":"","ping_status":"","sticky":false,"template":"","format":"standard","meta":{"footnotes":""},"categories":[1776],"tags":[1801,29,214,30,1802,215],"class_list":{"0":"post-303779","1":"post","2":"type-post","3":"status-publish","4":"format-standard","5":"has-post-thumbnail","7":"category-prominente","8":"tag-celebrities","9":"tag-deutschland","10":"tag-entertainment","11":"tag-germany","12":"tag-prominente","13":"tag-unterhaltung"},"share_on_mastodon":{"url":"https:\/\/pubeurope.com\/@de\/114938173510670532","error":""},"_links":{"self":[{"href":"https:\/\/www.europesays.com\/de\/wp-json\/wp\/v2\/posts\/303779","targetHints":{"allow":["GET"]}}],"collection":[{"href":"https:\/\/www.europesays.com\/de\/wp-json\/wp\/v2\/posts"}],"about":[{"href":"https:\/\/www.europesays.com\/de\/wp-json\/wp\/v2\/types\/post"}],"author":[{"embeddable":true,"href":"https:\/\/www.europesays.com\/de\/wp-json\/wp\/v2\/users\/2"}],"replies":[{"embeddable":true,"href":"https:\/\/www.europesays.com\/de\/wp-json\/wp\/v2\/comments?post=303779"}],"version-history":[{"count":0,"href":"https:\/\/www.europesays.com\/de\/wp-json\/wp\/v2\/posts\/303779\/revisions"}],"wp:featuredmedia":[{"embeddable":true,"href":"https:\/\/www.europesays.com\/de\/wp-json\/wp\/v2\/media\/303196"}],"wp:attachment":[{"href":"https:\/\/www.europesays.com\/de\/wp-json\/wp\/v2\/media?parent=303779"}],"wp:term":[{"taxonomy":"category","embeddable":true,"href":"https:\/\/www.europesays.com\/de\/wp-json\/wp\/v2\/categories?post=303779"},{"taxonomy":"post_tag","embeddable":true,"href":"https:\/\/www.europesays.com\/de\/wp-json\/wp\/v2\/tags?post=303779"}],"curies":[{"name":"wp","href":"https:\/\/api.w.org\/{rel}","templated":true}]}}