{"id":303780,"date":"2025-07-29T19:28:23","date_gmt":"2025-07-29T19:28:23","guid":{"rendered":"https:\/\/www.europesays.com\/de\/303780\/"},"modified":"2025-07-29T19:28:23","modified_gmt":"2025-07-29T19:28:23","slug":"oesterreichischer-maler-herbert-brandl-mit-66-jahren-gestorben-bildende-kunst","status":"publish","type":"post","link":"https:\/\/www.europesays.com\/de\/303780\/","title":{"rendered":"\u00d6sterreichischer Maler Herbert Brandl mit 66 Jahren gestorben &#8211; Bildende Kunst"},"content":{"rendered":"<p><strong\/>Erst im Fr\u00fchling dieses Jahres konnte eine von Herbert Brandl geschaffene Landschaft bestaunt, ja quasi durchwandert werden. Abgeschr\u00e4gte und gekippte W\u00e4nde hatte der K\u00fcnstler zu einem farbintensiven, in Rot und Gr\u00fcn gehaltenen Relief geformt, das sich durch einen der drei Pavillons am Wiener Heldenplatz zog. Die Steiermark Schau machte dort f\u00fcr zwei Wochen Station und pr\u00e4sentierte neue Werke steirischer K\u00fcnstler \u2013 neben Erwin Wurm und Hubert Schmalix durfte nat\u00fcrlich auch Brandl nicht fehlen.<\/p>\n","protected":false},"excerpt":{"rendered":"Erst im Fr\u00fchling dieses Jahres konnte eine von Herbert Brandl geschaffene Landschaft bestaunt, ja quasi durchwandert werden. Abgeschr\u00e4gte&hellip;\n","protected":false},"author":2,"featured_media":303781,"comment_status":"","ping_status":"","sticky":false,"template":"","format":"standard","meta":{"footnotes":""},"categories":[1775],"tags":[1793,29,214,30,1794,215],"class_list":{"0":"post-303780","1":"post","2":"type-post","3":"status-publish","4":"format-standard","5":"has-post-thumbnail","7":"category-kunst-und-design","8":"tag-art-and-design","9":"tag-deutschland","10":"tag-entertainment","11":"tag-germany","12":"tag-kunst-und-design","13":"tag-unterhaltung"},"share_on_mastodon":{"url":"https:\/\/pubeurope.com\/@de\/114938177518776065","error":""},"_links":{"self":[{"href":"https:\/\/www.europesays.com\/de\/wp-json\/wp\/v2\/posts\/303780","targetHints":{"allow":["GET"]}}],"collection":[{"href":"https:\/\/www.europesays.com\/de\/wp-json\/wp\/v2\/posts"}],"about":[{"href":"https:\/\/www.europesays.com\/de\/wp-json\/wp\/v2\/types\/post"}],"author":[{"embeddable":true,"href":"https:\/\/www.europesays.com\/de\/wp-json\/wp\/v2\/users\/2"}],"replies":[{"embeddable":true,"href":"https:\/\/www.europesays.com\/de\/wp-json\/wp\/v2\/comments?post=303780"}],"version-history":[{"count":0,"href":"https:\/\/www.europesays.com\/de\/wp-json\/wp\/v2\/posts\/303780\/revisions"}],"wp:featuredmedia":[{"embeddable":true,"href":"https:\/\/www.europesays.com\/de\/wp-json\/wp\/v2\/media\/303781"}],"wp:attachment":[{"href":"https:\/\/www.europesays.com\/de\/wp-json\/wp\/v2\/media?parent=303780"}],"wp:term":[{"taxonomy":"category","embeddable":true,"href":"https:\/\/www.europesays.com\/de\/wp-json\/wp\/v2\/categories?post=303780"},{"taxonomy":"post_tag","embeddable":true,"href":"https:\/\/www.europesays.com\/de\/wp-json\/wp\/v2\/tags?post=303780"}],"curies":[{"name":"wp","href":"https:\/\/api.w.org\/{rel}","templated":true}]}}