{"id":303782,"date":"2025-07-29T19:29:10","date_gmt":"2025-07-29T19:29:10","guid":{"rendered":"https:\/\/www.europesays.com\/de\/303782\/"},"modified":"2025-07-29T19:29:10","modified_gmt":"2025-07-29T19:29:10","slug":"diese-buecher-sind-fuer-den-booker-prize-2025-nominiert-und-gehoeren-auf-ihre-leseliste","status":"publish","type":"post","link":"https:\/\/www.europesays.com\/de\/303782\/","title":{"rendered":"Diese B\u00fccher sind f\u00fcr den Booker Prize 2025 nominiert \u2013 und geh\u00f6ren auf Ihre Leseliste"},"content":{"rendered":"<p><strong>Booker Prize 2025: Diese 13 B\u00fccher stehen auf der Longlist.<\/strong><\/p>\n<p>Mit Spannung erwartet, heute bekanntgegeben: die Longlist des <a href=\"https:\/\/www.vogue.de\/artikel\/jenny-erpenbeck-kairos-international-booker-prize-2024\" target=\"_blank\" rel=\"noopener\">Booker Prize<\/a> 2025. VOGUE warf bereits einen Blick auf die nominierten Titel \u2013 und Autor:innen. Mit dabei ist unter anderem die indische Schriftstellerin Kiran Desai, die bereits vor 19 Jahren den Booker Prize f\u00fcr ihr Werk &#8222;The Inheritance of Loss&#8220; gewann. Ebenfalls spannend ist die Pr\u00e4senz von zwei Deb\u00fcts \u2013 Ledia Xhoga mit &#8222;Misinterpretation&#8220; und Maria Reva mit &#8222;Endling&#8220;. Au\u00dferdem gibt&#8217;s drei der Titel bereits auf Deutsch zu lesen \u2013 die jetzt schon Ihr <a href=\"https:\/\/www.vogue.de\/artikel\/herbst-buecher-2024\" target=\"_blank\" rel=\"noopener\">Leseherz<\/a> f\u00fcr sich gewinnen k\u00f6nnten.<\/p>\n<p>Die Shortlist wird am 23. September 2025 verk\u00fcndet, der:die Gewinner:in dann am 10. November 2025.<\/p>\n<p>Diese 13 B\u00fccher stehen auf der Longlist des Booker Prize 2025<\/p>\n<p>Die Jury \u2013 bestehend aus Roddy Doyle, dem Booker-Prize-Gewinner aus 1993, der Autorin Ay\u1ecd\u0300b\u00e1mi Ad\u00e9b\u00e1y\u1ecd\u0300 (die selbst schon auf der Longlist des Preises vertreten war), der Schauspielerin und Produzentin Sarah Jessica Parker, dem Schriftsteller und Kritiker Chris Power sowie der Bestseller-Autorin Kiley Reid \u2013 hat folgende 13 <a href=\"https:\/\/www.vogue.de\/lifestyle\/artikel\/buchtipps-sommer-buecher\" target=\"_blank\" rel=\"noopener\">B\u00fccher<\/a> f\u00fcr die Longlist des Booker Prize 2025 ausgew\u00e4hlt.<\/p>\n<p><strong>#1 &#8222;Love Forms&#8220;\u00a0von Claire Adam<\/strong><\/p>\n<p>Eine Frau, die vor vierzig Jahren ihr Kind zur Adoption freigab, wird pl\u00f6tzlich mit ihrer Vergangenheit konfrontiert, als sich eine m\u00f6gliche Tochter bei ihr meldet.<\/p>\n<p><strong>#2 &#8222;The South&#8220; von Tash Aw<\/strong><\/p>\n<p>Ein sensibler Junge, der mit seiner Familie auf der Farm schuftet, verliebt sich w\u00e4hrend eines trockenen Sommers in einen anderen Jungen.<\/p>\n<p><strong>#3 &#8222;Von allgemeiner G\u00fcltigkeit&#8220; (&#8222;Universality&#8220;)\u00a0von Natasha Brown<\/strong><\/p>\n<p>Auf einer abgelegenen Farm wird ein Mann mit einem Goldbarren fast totgeschlagen \u2013 f\u00fcr die junge Journalistin Hannah eine gute Story, um in ihrem Job relevant zu bleiben.<\/p>\n<p>Bereits auf Deutsch bei Suhrkamp erschienen.<\/p>\n<p><strong>#4 &#8222;One Boat&#8220;\u00a0von Jonathan Buckley<\/strong><\/p>\n<p>Nach dem Tod ihres Vaters kehrt Teresa in die kleine griechische Stadt am Meer zur\u00fcck, die sie bereits neun Jahre zuvor nach dem Verlust ihrer Mutter besucht hat.<\/p>\n<p><strong>#5 &#8222;Flashlight&#8220;\u00a0von Susan Choi<\/strong><\/p>\n<p>Louisa verbringt den Sommer mit ihrem Vater, einem koreanischen Migranten, in Japan \u2013 doch als sie am Strand einschl\u00e4ft, ist er am n\u00e4chsten Morgen spurlos verschwunden.<\/p>\n<p><strong>#6 &#8222;The Loneliness of Sonia and Sunny&#8220;\u00a0von Kiran Desai<\/strong><\/p>\n<p>Sonia und Sunny \u2013 eine Schriftstellerin und ein Journalist, die einst von ihren Gro\u00dfeltern in Indien verkuppelt werden sollten und dann ausgewandert sind \u2013 begegnen sich Jahre sp\u00e4ter zuf\u00e4llig wieder.<\/p>\n","protected":false},"excerpt":{"rendered":"Booker Prize 2025: Diese 13 B\u00fccher stehen auf der Longlist. Mit Spannung erwartet, heute bekanntgegeben: die Longlist des&hellip;\n","protected":false},"author":2,"featured_media":303783,"comment_status":"","ping_status":"","sticky":false,"template":"","format":"standard","meta":{"footnotes":""},"categories":[1774],"tags":[1784,1785,1796,29,214,30,80,215],"class_list":{"0":"post-303782","1":"post","2":"type-post","3":"status-publish","4":"format-standard","5":"has-post-thumbnail","7":"category-buecher","8":"tag-books","9":"tag-buecher","10":"tag-buchtipps","11":"tag-deutschland","12":"tag-entertainment","13":"tag-germany","14":"tag-kultur","15":"tag-unterhaltung"},"share_on_mastodon":{"url":"https:\/\/pubeurope.com\/@de\/114938181294671487","error":""},"_links":{"self":[{"href":"https:\/\/www.europesays.com\/de\/wp-json\/wp\/v2\/posts\/303782","targetHints":{"allow":["GET"]}}],"collection":[{"href":"https:\/\/www.europesays.com\/de\/wp-json\/wp\/v2\/posts"}],"about":[{"href":"https:\/\/www.europesays.com\/de\/wp-json\/wp\/v2\/types\/post"}],"author":[{"embeddable":true,"href":"https:\/\/www.europesays.com\/de\/wp-json\/wp\/v2\/users\/2"}],"replies":[{"embeddable":true,"href":"https:\/\/www.europesays.com\/de\/wp-json\/wp\/v2\/comments?post=303782"}],"version-history":[{"count":0,"href":"https:\/\/www.europesays.com\/de\/wp-json\/wp\/v2\/posts\/303782\/revisions"}],"wp:featuredmedia":[{"embeddable":true,"href":"https:\/\/www.europesays.com\/de\/wp-json\/wp\/v2\/media\/303783"}],"wp:attachment":[{"href":"https:\/\/www.europesays.com\/de\/wp-json\/wp\/v2\/media?parent=303782"}],"wp:term":[{"taxonomy":"category","embeddable":true,"href":"https:\/\/www.europesays.com\/de\/wp-json\/wp\/v2\/categories?post=303782"},{"taxonomy":"post_tag","embeddable":true,"href":"https:\/\/www.europesays.com\/de\/wp-json\/wp\/v2\/tags?post=303782"}],"curies":[{"name":"wp","href":"https:\/\/api.w.org\/{rel}","templated":true}]}}