{"id":303798,"date":"2025-07-29T19:38:14","date_gmt":"2025-07-29T19:38:14","guid":{"rendered":"https:\/\/www.europesays.com\/de\/303798\/"},"modified":"2025-07-29T19:38:14","modified_gmt":"2025-07-29T19:38:14","slug":"ukraine-krieg-eu-haelt-milliarden-zahlung-zurueck-kiew-raeumt-versaeumnisse-ein","status":"publish","type":"post","link":"https:\/\/www.europesays.com\/de\/303798\/","title":{"rendered":"Ukraine-Krieg: EU h\u00e4lt Milliarden-Zahlung zur\u00fcck &#8211; Kiew r\u00e4umt Vers\u00e4umnisse ein"},"content":{"rendered":"<p>                    Kiew r\u00e4umt Vers\u00e4umnisse ein<br \/>\n                EU h\u00e4lt Milliardenzahlung f\u00fcr die Ukraine zur\u00fcck<\/p>\n<p>\t\t\t\t              29.07.2025, 20:53 Uhr<\/p>\n<p>\t\t\t\t\t       Artikel anh\u00f6ren<\/p>\n<p>\t\t\t\t\t\t\tDiese Audioversion wurde k\u00fcnstlich generiert. <a href=\"https:\/\/www.n-tv.de\/23249898\" target=\"_blank\" rel=\"noopener\">Mehr Infos<\/a><\/p>\n<p><strong>Aus einem Fonds der EU bekommt die Ukraine viel Geld. Die Zahlungen sind jedoch an Bedingungen gekn\u00fcpft. Kiew r\u00e4umt ein, nicht alle erf\u00fcllt zu haben, was nun Konsequenzen hat. Das Geld aus Br\u00fcssel flie\u00dft nicht wie geplant.<\/strong><\/p>\n<p>Die Europ\u00e4ische Union will erstmals Hilfsgelder an die Ukraine aus einem 50-Milliarden-Euro-Fonds wegen Verz\u00f6gerungen bei Reformen teilweise zur\u00fcckhalten. Die EU-Kommission erkl\u00e4rte, von einer neuen Hilfstranche von 4,5 Milliarden Euro sollten zun\u00e4chst nur rund drei Milliarden Euro ausgezahlt werden.<\/p>\n<p>Kommissionssprecher Guillaume Mercier sagte, Kiew habe zw\u00f6lf Monate Zeit, drei verbleibende Reformen umzusetzen. Dann w\u00fcrden die restlichen 1,5 Milliarden Euro ausgezahlt. <\/p>\n<p>Die Ukraine hatte im Juni einger\u00e4umt, drei von 16 Reformzielen nicht erreicht zu haben, unter anderem mit Blick auf die Ernennung von Richtern eines Anti-Korruptions-Gerichts. Die Auszahlungen aus einem im vergangenen Jahr eingerichteten 50 Milliarden Euro schweren Hilfsfonds f\u00fcr Kiew sind an Reformvorgaben gekn\u00fcpft.<\/p>\n<p>Kein Zusammenhang mit Antikorruptionsbeh\u00f6rden<\/p>\n<p>Das teilweise Zur\u00fcckhalten der j\u00fcngsten Tranche war bereits geplant, bevor Kiew vor einer Woche per Gesetz die Unabh\u00e4ngigkeit zweier ukrainischer Antikorruptionsbeh\u00f6rden eingeschr\u00e4nkt hatte. Das Gesetz l\u00f6ste Stra\u00dfenproteste in der Ukraine und scharfe Kritik der europ\u00e4ischen Verb\u00fcndeten aus. <\/p>\n<p>Die Regierung von Pr\u00e4sident Wolodymyr Selenskyj machte daraufhin schnell einen R\u00fcckzieher. Der Staatschef legte einen Gesetzentwurf zur Wiederherstellung der Unabh\u00e4ngigkeit der Antikorruptionsbeh\u00f6rden NABU und SAP vor. Allerdings k\u00fcndigte er an, dass Mitarbeiter mit Zugang zu Staatsgeheimnissen L\u00fcgendetektortests unterzogen werden sollen. Hintergrund ist die Sorge vor russischem Einfluss in den Beh\u00f6rden. <\/p>\n","protected":false},"excerpt":{"rendered":"Kiew r\u00e4umt Vers\u00e4umnisse ein EU h\u00e4lt Milliardenzahlung f\u00fcr die Ukraine zur\u00fcck 29.07.2025, 20:53 Uhr Artikel anh\u00f6ren Diese Audioversion&hellip;\n","protected":false},"author":2,"featured_media":303799,"comment_status":"","ping_status":"","sticky":false,"template":"","format":"standard","meta":{"footnotes":""},"categories":[3],"tags":[661,548,13,929,14,15,16,12,10,8,9,11,103,107,104],"class_list":{"0":"post-303798","1":"post","2":"type-post","3":"status-publish","4":"format-standard","5":"has-post-thumbnail","7":"category-welt","8":"tag-angriff-auf-die-ukraine","9":"tag-eu","10":"tag-headlines","11":"tag-kriege-und-konflikte","12":"tag-nachrichten","13":"tag-news","14":"tag-politik","15":"tag-schlagzeilen","16":"tag-top-news","17":"tag-top-meldungen","18":"tag-topmeldungen","19":"tag-topnews","20":"tag-welt","21":"tag-wolodymyr-selenskyj","22":"tag-world"},"share_on_mastodon":{"url":"https:\/\/pubeurope.com\/@de\/114938216719173081","error":""},"_links":{"self":[{"href":"https:\/\/www.europesays.com\/de\/wp-json\/wp\/v2\/posts\/303798","targetHints":{"allow":["GET"]}}],"collection":[{"href":"https:\/\/www.europesays.com\/de\/wp-json\/wp\/v2\/posts"}],"about":[{"href":"https:\/\/www.europesays.com\/de\/wp-json\/wp\/v2\/types\/post"}],"author":[{"embeddable":true,"href":"https:\/\/www.europesays.com\/de\/wp-json\/wp\/v2\/users\/2"}],"replies":[{"embeddable":true,"href":"https:\/\/www.europesays.com\/de\/wp-json\/wp\/v2\/comments?post=303798"}],"version-history":[{"count":0,"href":"https:\/\/www.europesays.com\/de\/wp-json\/wp\/v2\/posts\/303798\/revisions"}],"wp:featuredmedia":[{"embeddable":true,"href":"https:\/\/www.europesays.com\/de\/wp-json\/wp\/v2\/media\/303799"}],"wp:attachment":[{"href":"https:\/\/www.europesays.com\/de\/wp-json\/wp\/v2\/media?parent=303798"}],"wp:term":[{"taxonomy":"category","embeddable":true,"href":"https:\/\/www.europesays.com\/de\/wp-json\/wp\/v2\/categories?post=303798"},{"taxonomy":"post_tag","embeddable":true,"href":"https:\/\/www.europesays.com\/de\/wp-json\/wp\/v2\/tags?post=303798"}],"curies":[{"name":"wp","href":"https:\/\/api.w.org\/{rel}","templated":true}]}}