{"id":303803,"date":"2025-07-29T19:41:21","date_gmt":"2025-07-29T19:41:21","guid":{"rendered":"https:\/\/www.europesays.com\/de\/303803\/"},"modified":"2025-07-29T19:41:21","modified_gmt":"2025-07-29T19:41:21","slug":"hllanzeiger-polizeimeldungen-vom-dienstag-29-07-2025","status":"publish","type":"post","link":"https:\/\/www.europesays.com\/de\/303803\/","title":{"rendered":"H@llAnzeiger &#8211; Polizeimeldungen vom Dienstag, 29.07.2025"},"content":{"rendered":"<p><img decoding=\"async\" src=\"https:\/\/www.europesays.com\/de\/wp-content\/uploads\/2025\/07\/polizeimeldung1-678x381.jpg\" alt=\"Polizei Meldungen\" title=\"polizeimeldung1\"\/><br \/>\n  \u00a9 H@llAnzeiger<\/p>\n<p>Polizeirevier Halle (Saale)<\/p>\n<p><strong>Kontrollen im Bereich Riebeckplatz<br \/><\/strong>Polizeibeamte kontrollierten zur Durchsetzung des Waffen- und Messerverbotes und zur Bek\u00e4mpfung der Bet\u00e4ubungsmittel- und Stra\u00dfenkriminalit\u00e4t am Montag den 28.07.2025 30 Personen im Bereich Riebeckplatz und dem hinteren Bereich des ehemaligen Hotels \u201eMARITIM\u201c.<br \/>Im Rahmen der Kontrollt\u00e4tigkeit wurde ein 22-J\u00e4hriger festgestellt, dessen mitgef\u00fchrtes Fahrrad nach einer Diebstahlshandlung zur Fahndung ausgeschrieben war. Weiterhin wurde in den mitgef\u00fchrten Sachen eine geringe Menge Heroin aufgefunden. Das Fahrrad und das Heroin wurden sichergestellt und gegen den 22-J\u00e4hrigen Strafverfahren wegen des Verdachtes der Hehlerei und des Versto\u00dfes gegen das Bet\u00e4ubungsmittelgesetz eingeleitet.<br \/>Weiterhin wurden Strafverfahren wegen einer Unterschlagung, einmal wegen des Versto\u00dfes gegen das Bet\u00e4ubungsmittelgesetz, vier Verst\u00f6\u00dfe gegen das Cannabis-Konsumgesetz, zwei Verst\u00f6\u00dfe gegen das Arzneimittelgesetz, drei Verst\u00f6\u00dfe im Rahmen der Geldw\u00e4sche und ein Versto\u00df gegen das Pflichtversicherungsgesetz eingeleitet.<br \/>Die gegen die Beschuldigten eingeleiteten strafrechtlichen Ermittlungen dauern zum jetzigen Zeitpunkt weiter an.<br \/>Neun angetroffene und kontrollierte Personen erhielten nach Beendigung der polizeilichen Ma\u00dfnahmen einen Platzverweis f\u00fcr den Aufenthaltsbereich.<br \/>Das Polizeirevier wurde bei den Kontrollma\u00dfnahmen durch Einsatzkr\u00e4fte der Polizeiinspektion Halle (Saale) unterst\u00fctzt.<\/p>\n<p><strong>Versuchte gef\u00e4hrliche K\u00f6rperverletzung<br \/><\/strong>In den gestrigen sp\u00e4ten Abendstunden gegen 22.30 Uhr kam es im Bereich Am Bruchsee zu einem versuchten K\u00f6rperverletzungsdelikt zum Nachteil einer 21-j\u00e4hrigen Gesch\u00e4digten. Nach ersten polizeilichen Erkenntnissen hielt sich die Gesch\u00e4digte vor einem Mehrfamilienhaus auf, als in kurzer Entfernung neben ihr ein 6 kg ABC-Feuerl\u00f6scher aus unbekannter H\u00f6he im Erdreich einschlug. Die Gesch\u00e4digte blieb durch die Tathandlung unverletzt. Durch das Polizeirevier wurden Strafverfahren wegen versuchter gef\u00e4hrlicher K\u00f6rperverletzung und wegen der Beeintr\u00e4chtigung von Unfallverh\u00fctungs- und Nothilfemitteln gegen den\/die unbekannten T\u00e4ter eingeleitet. Durch die Kriminaltechnik erfolgte im Tatortbereich und an dem Feuerl\u00f6scher eine umfangreiche Spurensuche und \u2013Sicherung. Die strafrechtlichen Ermittlungen dauern derzeitig an.<\/p>\n<p><strong>Einbruch in Frisiersalon<br \/><\/strong>Unbekannte T\u00e4ter brachen in der Nacht vom 28.07.2025 zum 29.07.2025 in ein Fris\u00f6rgesch\u00e4ft im Bereich Elsa-Br\u00e4ndstr\u00f6m-Stra\u00dfe ein. Nach ersten polizeilichen Erkenntnissen drangen der\/die unbekannte\/n T\u00e4ter gewaltsam in die Gesch\u00e4ftsr\u00e4ume ein, durchw\u00fchlte\/n diese und entwendete\/n nach ersten Erkenntnissen ein Wertgelass mit einer oberen zweistelligen Bargeldsumme. \u00dcber den entstandenen Schaden und weitere entwendete Gegenst\u00e4nde kann zum jetzigen Zeitpunkt keine Auskunft gegeben werden. Am Tatort wurden Spuren gesichert und durch das Polizeirevier Halle (Saale) die Ermittlungen eingeleitet.<\/p>\n<p><strong>E-Scooter-Fahrerin unter Alkohol- und Bet\u00e4ubungsmitteleinfluss<br \/><\/strong>In den gestrigen Abendstunden kontrollierten Polizeibeamte gegen 22.30 Uhr im Bereich Willy-Brandt-Stra\u00dfe eine E-Scooter-Fahrerin. Die Fahrzeugf\u00fchrerin zeigte w\u00e4hrend der Verkehrskontrolle gegen\u00fcber den Polizeibeamten deutliche Anzeichen eines Alkohol- und Drogenkonsums an, welche sich mittels eines durchgef\u00fchrten Atemalkoholtestes und eines Drogenschnelltestes best\u00e4tigten. Nach einer erfolgten Blutprobenentnahme wurde der Fahrerin die Weiterfahrt untersagt. Das Polizeirevier Halle (Saale) hat die Ermittlungen aufgenommen.<\/p>\n<p>Polizeirevier Saalekreis<\/p>\n<p><strong>Dieseldiebstahl<br \/><\/strong>Landsberg \u2013 Am Montagmorgen wurde der Polizei der Diebstahl von ca. 200 Liter Dieselkraftstoff mitgeteilt. Der Kraftstoff wurde aus einem Bagger von einer Baustelle geklaut, auf der Kabelverlegungsarbeiten f\u00fcr die Nord-S\u00fcd-Trasse durchgef\u00fchrt werden. Die Schadensh\u00f6he wird auf ca. 300 Euro gesch\u00e4tzt. Die Polizei sicherte Spuren und nahm die Ermittlungen auf.<\/p>\n<p><strong>Diebstahl aus Garage<br \/><\/strong>Teutschenthal \u2013 Aus einer Garage in der Karl- John- Stra\u00dfe wurden eine Kehrmaschine und ein Rasenm\u00e4her geklaut. Die Garage steht auf einem umz\u00e4unten Grundst\u00fcck. Um auf das Grundst\u00fcck zu gelangen wurde von den T\u00e4tern das Tor aufgebrochen. Hier wird der Schaden auf ca. 4.000 Euro gesch\u00e4tzt.<\/p>\n<p><strong>Verkehrsunfall<br \/><\/strong>Salzatal \u2013 Am sp\u00e4ten Montagnachmittag befuhr ein Motorradfahrer die L156 in Richtung Wils. In einer Kurve st\u00fcrzte der Kradfahrer und kam von der Fahrbahn ab. W\u00e4hrend er von einem Ersthelfer versorgt wurde, klagte er Kopfschmerzen. Deshalb wurde er mit einem Rettungshubschrauber in ein Hallenser Krankenhaus gebracht. Sein Krad wurde von der Polizei einem Bekannten des Fahrers \u00fcbergeben.<\/p>\n<p>Polizeirevier Mansfeld-S\u00fcdharz<\/p>\n<p><strong>Eisleben \u2013 Widerstand gegen Vollstreckungsbeamte \u2013 Zwei Polizeibeamte leicht verletzt<br \/><\/strong>Am Montagabend, gegen 18.25 Uhr, wurde die Polizei durch einen Zeugen dar\u00fcber informiert, dass ein Mann in der Freistra\u00dfe lautstark herumschrie und mit einem Gegenstand in der Hand den flie\u00dfenden Verkehr behinderte. Beim Eintreffen der Einsatzkr\u00e4fte hielt sich der Mann, ein 25-j\u00e4hriger iranischer Staatsb\u00fcrger, bereits an einem nahegelegenen Imbiss auf.<br \/>Unvermittelt lief er auf die eintreffenden Polizeibeamten zu. In der Folge kam es zu polizeilichen Zwangsma\u00dfnahmen, bei denen der Tatverd\u00e4chtige erheblichen Widerstand leistete. Die Beamten wurden w\u00e4hrenddessen leicht verletzt und mussten ambulant in einem Krankenhaus medizinisch versorgt.<br \/>Der Tatverd\u00e4chtige zeigte weiterhin aggressive Verhaltensweisen und stand unter dem Einfluss von Bet\u00e4ubungsmitteln. Ein durchgef\u00fchrter Drogentest verlief positiv. Er wurde im Anschluss in eine Fachklinik freiwillig eingewiesen.<br \/>Zwei Personen, die sich als Schaulustige vor Ort aufhielten, erhielten Platzverweise. Neben einem Notarzteinsatzfahrzeug waren zwei Rettungswagen im Einsatz.\u00a0Gegen den nicht polizeibekannten Mann wurde Strafanzeige erstattet, unter anderem wegen Widerstands gegen Vollstreckungsbeamte und K\u00f6rperverletzung.<\/p>\n<p><strong>Sangerhausen \u2013 Sprengung eines Zigarettenautomaten<br \/><\/strong>In der Nacht zum Montag wurde in den fr\u00fchen Morgenstunden in der Riestedter Stra\u00dfe durch unbekannte T\u00e4ter ein Zigarettenautomat gesprengt. Die T\u00e4ter entwendeten das enthaltene Bargeld und Zigaretten. Es entstand ein Schaden in H\u00f6he von etwa 3.700 Euro. Am Tatort wurden Spuren gesucht und gesichert. Ein Ermittlungsverfahren wurde eingeleitet.<\/p>\n<p><strong>Eisleben \u2013 K\u00f6rperverletzung<br \/><\/strong>Am Montagabend wurde die Polizei durch den Rettungsdienst \u00fcber eine Person mit einer Stichverletzung informiert. Nach ersten Erkenntnissen wurde der 22-j\u00e4hrige Serbe durch drei unbekannte T\u00e4ter in der Steigerstra\u00dfe mit Schl\u00e4gen gemeinschaftlich attackiert. Durch den Rettungsdienst wurde au\u00dferdem eine Schnittverletzung am Oberk\u00f6rper festgestellt. Eine ambulante Versorgung in einem Krankenhaus wurde erforderlich. Die Angreifer fl\u00fcchteten in einem Kleinbus vom Tatort. Das Opfer konnte sich in eine nahegelegene Wohnung einer Angeh\u00f6rigen retten. Die Ermittlungen zu den Hintergr\u00fcnden dauern an. Ein Notarzt und ein Rettungswagen waren vor Ort.<\/p>\n<p><strong>Eisleben \u2013 Radfahrer bei Verkehrsunfall t\u00f6dlich verungl\u00fcckt<br \/><\/strong>Wie die Polizei am Sonntag mitteilte, hat sich Samstagvormittag 10.20 Uhr im Bereich Lutherstadt\u00a0 Eisleben, Gerbstedter Stra\u00dfe, Abzweig Weg zum Hutberg ein schwerer Verkehrsunfall ereignet.\u00a0Am Montagnachmittag des 28. Juli 2025 ist der 22-j\u00e4hrige E-Bike-Fahrer im Krankenhaus verstorben.\u00a0Die Ermittlungen zur Unfallursache dauern an.<\/p>\n<p>\u00a0<\/p>\n","protected":false},"excerpt":{"rendered":"\u00a9 H@llAnzeiger Polizeirevier Halle (Saale) Kontrollen im Bereich RiebeckplatzPolizeibeamte kontrollierten zur Durchsetzung des Waffen- und Messerverbotes und zur&hellip;\n","protected":false},"author":2,"featured_media":303804,"comment_status":"","ping_status":"","sticky":false,"template":"","format":"standard","meta":{"footnotes":""},"categories":[1860],"tags":[3364,29,548,663,3934,30,4062,17332,13,14,15,17331,860,12],"class_list":{"0":"post-303803","1":"post","2":"type-post","3":"status-publish","4":"format-standard","5":"has-post-thumbnail","7":"category-halle-saale","8":"tag-de","9":"tag-deutschland","10":"tag-eu","11":"tag-europa","12":"tag-europe","13":"tag-germany","14":"tag-halle","15":"tag-halle-saale","16":"tag-headlines","17":"tag-nachrichten","18":"tag-news","19":"tag-saale","20":"tag-sachsen-anhalt","21":"tag-schlagzeilen"},"share_on_mastodon":{"url":"https:\/\/pubeurope.com\/@de\/114938228517581994","error":""},"_links":{"self":[{"href":"https:\/\/www.europesays.com\/de\/wp-json\/wp\/v2\/posts\/303803","targetHints":{"allow":["GET"]}}],"collection":[{"href":"https:\/\/www.europesays.com\/de\/wp-json\/wp\/v2\/posts"}],"about":[{"href":"https:\/\/www.europesays.com\/de\/wp-json\/wp\/v2\/types\/post"}],"author":[{"embeddable":true,"href":"https:\/\/www.europesays.com\/de\/wp-json\/wp\/v2\/users\/2"}],"replies":[{"embeddable":true,"href":"https:\/\/www.europesays.com\/de\/wp-json\/wp\/v2\/comments?post=303803"}],"version-history":[{"count":0,"href":"https:\/\/www.europesays.com\/de\/wp-json\/wp\/v2\/posts\/303803\/revisions"}],"wp:featuredmedia":[{"embeddable":true,"href":"https:\/\/www.europesays.com\/de\/wp-json\/wp\/v2\/media\/303804"}],"wp:attachment":[{"href":"https:\/\/www.europesays.com\/de\/wp-json\/wp\/v2\/media?parent=303803"}],"wp:term":[{"taxonomy":"category","embeddable":true,"href":"https:\/\/www.europesays.com\/de\/wp-json\/wp\/v2\/categories?post=303803"},{"taxonomy":"post_tag","embeddable":true,"href":"https:\/\/www.europesays.com\/de\/wp-json\/wp\/v2\/tags?post=303803"}],"curies":[{"name":"wp","href":"https:\/\/api.w.org\/{rel}","templated":true}]}}