{"id":303861,"date":"2025-07-29T20:12:31","date_gmt":"2025-07-29T20:12:31","guid":{"rendered":"https:\/\/www.europesays.com\/de\/303861\/"},"modified":"2025-07-29T20:12:31","modified_gmt":"2025-07-29T20:12:31","slug":"das-wetter-in-bonn-weitgehend-trocken-2","status":"publish","type":"post","link":"https:\/\/www.europesays.com\/de\/303861\/","title":{"rendered":"Das Wetter in Bonn: Weitgehend trocken"},"content":{"rendered":"<p> <img width=\"1024\" height=\"800\" alt=\"\" decoding=\"async\" fetchpriority=\"high\"  src=\"https:\/\/www.europesays.com\/de\/wp-content\/uploads\/2025\/04\/Very-cloudy-2.webp.webp\" data- class=\"attachment-hive-single-image size-hive-single-image wp-post-image lazyload\"\/><\/p>\n<p> In der Nacht wird es durchgehend bedeckt und es regnet vereinzelt leicht, in der Nacht ist mit trockenem Wetter zu rechnen. Der Tiefstwert erreicht 14\u00b0C. Der Wind ist eine leichte Brise aus S\u00fcd mit m\u00e4\u00dfigen B\u00f6en. Am Mittwoch wird es bei trockenem Wetter fast bedeckt. Der H\u00f6chstwert wird bei 20\u00b0C liegen.<\/p>\n<p>Das Wetter morgen<\/p>\n<p> Am Mittwoch wird es bei trockenem Wetter fast bedeckt. Die H\u00f6chstwerte bewegen sich um 20\u00b0C. Der Wind ist eine leichte Brise aus S\u00fcdwest mit frischen B\u00f6en.<\/p>\n<p> In der Nacht zum Donnerstag wird es stark bew\u00f6lkt und trocken. Die Temperaturen sinken auf 13\u00b0C. Der Wind ist eine leichte Brise aus S\u00fcd mit m\u00e4\u00dfigen B\u00f6en.<\/p>\n<p>Die weiteren Aussichten<\/p>\n<p> Am Donnerstag bei m\u00e4\u00dfigem Regen durchgehend bedeckt. Die Temperaturen erreichen 20\u00b0C. Dabei weht eine leichte Brise aus S\u00fcd mit frischen B\u00f6en.<\/p>\n<p> Am Freitag bei m\u00e4\u00dfigem Regen weiter bedeckt. Das Thermometer steigt auf bis zu 19\u00b0C. Der Wind ist ein leichter bis schwacher S\u00fcdwestwind mit frischen B\u00f6en.<\/p>\n<p>Das Wetter in den vergangenden Jahren in Bonn<\/p>\n<p> Die voraussichtliche Temperatur wird morgen deutlich von den durschnittlichen Temperaturen f\u00fcr einen 30. Juli der vergangenen 20 Jahre abweichenAm 30. Juli vor einem Jahr lag die Tagestemperatur bei 31\u00b0C und vor 5 Jahren bei 29\u00b0C. An diesem Tag vor einem Jahr gab es keinen Niederschlag.Vor genau 5 Jahren wurde kein Niederschlag aufgezeichnet. Die durchschnittliche Niederschlagsmenge am 29. Juli der bisherigen 20 Jahre liegt bei 5 mm.<\/p>\n<p> (Wetterdaten: DWD, Analyse: <a href=\"https:\/\/www.digitaldaily.de\/\" rel=\"nofollow noopener\" target=\"_blank\">digitaldaily.de<\/a>)<\/p>\n<p>M\u00f6chten Sie immer die aktuellen Nachrichten aus Ihrer Region bekommen? Dann besuchen Sie das lokale Nachrichtenportal <a href=\"https:\/\/digitaldaily.de\/\" rel=\"nofollow noopener\" target=\"_blank\">Digitaldaily.de<\/a><\/p>\n","protected":false},"excerpt":{"rendered":"In der Nacht wird es durchgehend bedeckt und es regnet vereinzelt leicht, in der Nacht ist mit trockenem&hellip;\n","protected":false},"author":2,"featured_media":53278,"comment_status":"","ping_status":"","sticky":false,"template":"","format":"standard","meta":{"footnotes":""},"categories":[1842],"tags":[1741,3364,29,30,1209],"class_list":{"0":"post-303861","1":"post","2":"type-post","3":"status-publish","4":"format-standard","5":"has-post-thumbnail","7":"category-bonn","8":"tag-bonn","9":"tag-de","10":"tag-deutschland","11":"tag-germany","12":"tag-nordrhein-westfalen"},"share_on_mastodon":{"url":"https:\/\/pubeurope.com\/@de\/114938350545833948","error":""},"_links":{"self":[{"href":"https:\/\/www.europesays.com\/de\/wp-json\/wp\/v2\/posts\/303861","targetHints":{"allow":["GET"]}}],"collection":[{"href":"https:\/\/www.europesays.com\/de\/wp-json\/wp\/v2\/posts"}],"about":[{"href":"https:\/\/www.europesays.com\/de\/wp-json\/wp\/v2\/types\/post"}],"author":[{"embeddable":true,"href":"https:\/\/www.europesays.com\/de\/wp-json\/wp\/v2\/users\/2"}],"replies":[{"embeddable":true,"href":"https:\/\/www.europesays.com\/de\/wp-json\/wp\/v2\/comments?post=303861"}],"version-history":[{"count":0,"href":"https:\/\/www.europesays.com\/de\/wp-json\/wp\/v2\/posts\/303861\/revisions"}],"wp:featuredmedia":[{"embeddable":true,"href":"https:\/\/www.europesays.com\/de\/wp-json\/wp\/v2\/media\/53278"}],"wp:attachment":[{"href":"https:\/\/www.europesays.com\/de\/wp-json\/wp\/v2\/media?parent=303861"}],"wp:term":[{"taxonomy":"category","embeddable":true,"href":"https:\/\/www.europesays.com\/de\/wp-json\/wp\/v2\/categories?post=303861"},{"taxonomy":"post_tag","embeddable":true,"href":"https:\/\/www.europesays.com\/de\/wp-json\/wp\/v2\/tags?post=303861"}],"curies":[{"name":"wp","href":"https:\/\/api.w.org\/{rel}","templated":true}]}}