{"id":303895,"date":"2025-07-29T20:32:11","date_gmt":"2025-07-29T20:32:11","guid":{"rendered":"https:\/\/www.europesays.com\/de\/303895\/"},"modified":"2025-07-29T20:32:11","modified_gmt":"2025-07-29T20:32:11","slug":"fw-stuttgart-schwerer-verkehrsunfall-zwischen-stadtbahn-und-pkw-eine-person-eingeklemmt","status":"publish","type":"post","link":"https:\/\/www.europesays.com\/de\/303895\/","title":{"rendered":"FW Stuttgart: Schwerer Verkehrsunfall zwischen Stadtbahn und PKW &#8211; eine Person eingeklemmt"},"content":{"rendered":"<p class=\"date\">29.07.2025 \u2013 20:14<\/p>\n<p class=\"customer\">\n                        <a class=\"story-customer\" title=\"weiter zum newsroom von Feuerwehr Stuttgart\" href=\"https:\/\/www.presseportal.de\/blaulicht\/nr\/161590\" rel=\"nofollow noopener\" target=\"_blank\">Feuerwehr Stuttgart<\/a>\n                    <\/p>\n<p><a data-category=\"citylink-story-view\" data-action=\"click\" data-label=\"Citylink in Meldungsansicht\" class=\"story-city event-trigger\" href=\"https:\/\/www.presseportal.de\/regional\/Stuttgart\" title=\"News aus Stuttgart \" rel=\"nofollow noopener\" target=\"_blank\">Stuttgart<\/a> (ots)<\/p>\n<p>   &#8211;\tStadtbahn durch Feuerwehr mittels Nottreppen evakuiert   &#8211;\tEine Person mit mittelschweren Verletzungen, zwei Personen<br \/>\nambulant versorgt<\/p>\n<p>Mehrere Anrufer meldeten am Dienstagabend gegen 18:35 Uhr den Zusammensto\u00df zwischen einer Stadtbahn und einem PKW an der Stadtbahnhaltestelle Metzstra\u00dfe in der Neckarstra\u00dfe.<\/p>\n<p>Bei Eintreffen der ersten Einsatzkr\u00e4fte war eine Person in einem stark verformten PKW eingeklemmt und musste durch die Feuerwehr mit hydraulischer Schere und Spreizer befreit werden.<\/p>\n<p>Weitere Einsatzkr\u00e4fte der Feuerwehr kontrollierten die verunfallte Stadtbahn und evakuierten die Fahrg\u00e4ste \u00fcber Nottreppen. Zwei Fahrg\u00e4ste zogen sich leichte Verletzungen zu und mussten durch den Rettungsdienst ambulant behandelt werden.<\/p>\n<p>Die eingeklemmte Person wurde nach einer Erstversorgung vor Ort mit mittelschweren Verletzungen in eine Stuttgarter Klinik transportiert.<\/p>\n<p>Die Feuerwehr Stuttgart war mit rund 30 Einsatzkr\u00e4ften vor Ort. Weitere Einsatzkr\u00e4fte kamen vom Rettungsdienst, der Polizei und der SSB.<\/p>\n<p>Einsatzkr\u00e4fte der Berufsfeuerwehr<\/p>\n<p>Feuerwache 1: Leitungsdienst, L\u00f6schfahrzeug<\/p>\n<p>Feuerwache 2: Inspektionsdienst<\/p>\n<p>Feuerwache 3: R\u00fcstzug, Pressesprecher<\/p>\n<p>Feuer- und Rettungswache 5: Feuerwehrkran, Wechselladerfahrzeug mit Abrollbeh\u00e4lter Anschlagmittel<\/p>\n<p>Freiwillige Feuerwehr Stuttgart &#8211; Abteilung Degerloch-Hoffeld: R\u00fcstwagen<\/p>\n<p>Rettungsdienst: Zwei Rettungswagen, ein Notarzteinsatzfahrzeug, ein Krankentransportwagen, ein Leitender Notarzt, ein Organisatorischer Leiter Rettungsdienst, Medical Intervention Car, Kriseninterventionsteam<\/p>\n<p class=\"contact-headline\">R\u00fcckfragen bitte an:<\/p>\n<p class=\"contact-text\">Feuerwehr Stuttgart<br \/>Presse- und \u00d6ffentlichkeitsarbeit<\/p>\n<p>0711 216 73555<br \/><a href=\"https:\/\/www.presseportal.de\/blaulicht\/pm\/161590\/mailto: 37-Pressestelle@stuttgart.de\" class=\"uri-mailto\" rel=\"nofollow noopener\" target=\"_blank\"> 37-Pressestelle@stuttgart.de<\/a><br \/><a target=\"_blank\" class=\"uri-ext outbound\" rel=\"noopener nofollow\" href=\"https:\/\/www.feuerwehr-stuttgart.de\">www.feuerwehr-stuttgart.de<\/a><\/p>\n<p class=\"originator\">Original-Content von: Feuerwehr Stuttgart, \u00fcbermittelt durch news aktuell<\/p>\n","protected":false},"excerpt":{"rendered":"29.07.2025 \u2013 20:14 Feuerwehr Stuttgart Stuttgart (ots) &#8211; Stadtbahn durch Feuerwehr mittels Nottreppen evakuiert &#8211; Eine Person mit&hellip;\n","protected":false},"author":2,"featured_media":108,"comment_status":"","ping_status":"","sticky":false,"template":"","format":"standard","meta":{"footnotes":""},"categories":[1830],"tags":[1634,6187,3364,29,985,30,178,180,179,181,1441,1284],"class_list":{"0":"post-303895","1":"post","2":"type-post","3":"status-publish","4":"format-standard","5":"has-post-thumbnail","7":"category-stuttgart","8":"tag-baden-wuerttemberg","9":"tag-bw","10":"tag-de","11":"tag-deutschland","12":"tag-feuerwehr","13":"tag-germany","14":"tag-presse","15":"tag-pressemeldung","16":"tag-pressemitteilung","17":"tag-pressemitteilungen","18":"tag-stuttgart","19":"tag-unfall"},"share_on_mastodon":{"url":"https:\/\/pubeurope.com\/@de\/114938429201488393","error":""},"_links":{"self":[{"href":"https:\/\/www.europesays.com\/de\/wp-json\/wp\/v2\/posts\/303895","targetHints":{"allow":["GET"]}}],"collection":[{"href":"https:\/\/www.europesays.com\/de\/wp-json\/wp\/v2\/posts"}],"about":[{"href":"https:\/\/www.europesays.com\/de\/wp-json\/wp\/v2\/types\/post"}],"author":[{"embeddable":true,"href":"https:\/\/www.europesays.com\/de\/wp-json\/wp\/v2\/users\/2"}],"replies":[{"embeddable":true,"href":"https:\/\/www.europesays.com\/de\/wp-json\/wp\/v2\/comments?post=303895"}],"version-history":[{"count":0,"href":"https:\/\/www.europesays.com\/de\/wp-json\/wp\/v2\/posts\/303895\/revisions"}],"wp:featuredmedia":[{"embeddable":true,"href":"https:\/\/www.europesays.com\/de\/wp-json\/wp\/v2\/media\/108"}],"wp:attachment":[{"href":"https:\/\/www.europesays.com\/de\/wp-json\/wp\/v2\/media?parent=303895"}],"wp:term":[{"taxonomy":"category","embeddable":true,"href":"https:\/\/www.europesays.com\/de\/wp-json\/wp\/v2\/categories?post=303895"},{"taxonomy":"post_tag","embeddable":true,"href":"https:\/\/www.europesays.com\/de\/wp-json\/wp\/v2\/tags?post=303895"}],"curies":[{"name":"wp","href":"https:\/\/api.w.org\/{rel}","templated":true}]}}